{"id":810,"date":"2023-11-19T23:16:11","date_gmt":"2023-11-19T23:16:11","guid":{"rendered":"https:\/\/forestfireprotection.com\/pt\/?p=810"},"modified":"2023-11-19T23:16:11","modified_gmt":"2023-11-19T23:16:11","slug":"incendios-rurais-estudo-impacto","status":"publish","type":"post","link":"https:\/\/forestfireprotection.com\/pt\/incendios-rurais-estudo-impacto\/","title":{"rendered":"Estudo de impacto dos inc\u00eandios rurais: resumos"},"content":{"rendered":"\n<p>No &#8220;Estudo de impacto da prote\u00e7\u00e3o contra inc\u00eandios rurais a m\u00e9dio prazo  &#8211; resumos executivos&#8221;, apresentamos os relat\u00f3rios nacionais sobre a &#8220;Avalia\u00e7\u00e3o de impacto a m\u00e9dio prazo do plano de forma\u00e7\u00e3o durante a \u00e9poca de inc\u00eandios&#8221; para o projeto FFP. O <a href=\"https:\/learningforyouth.com\" target=\"_blank\" rel=\"noreferrer noopener\">L4Y Learning For Youth GmbH<\/a> \u00e9 o coordenador alem\u00e3o. S\u00e3o parte do cons\u00f3rcio: <a href=\"http:\/\/bosev.org\/\" target=\"_blank\" rel=\"noreferrer noopener sponsored nofollow\">BOSEV<\/a> (Turquia), <a href=\"https:\/\/www.kmop.gr\/\" target=\"_blank\" rel=\"noreferrer noopener nofollow\">KMOP<\/a> (Gr\u00e9cia), <a href=\"https:\/\/spel.com.pt\/\" target=\"_blank\" rel=\"noreferrer noopener nofollow\">SPEL<\/a> (Portugal), <a href=\"https:\/\/centroqualificaovarforma.com\/\" target=\"_blank\" rel=\"noreferrer noopener\">OVAR-Forma<\/a> (Portugal), <a href=\"https:\/\/cesie.org\/en\/\" target=\"_blank\" rel=\"noreferrer noopener nofollow\">Cesie<\/a> (It\u00e1lia), <a href=\"https:\/\/www.growthcoop.eu\/\" target=\"_blank\" rel=\"noreferrer noopener nofollow\">Growth-Coop<\/a> (Espanha) e <a href=\"https:\/\/www.citizensinpower.org\/\" target=\"_blank\" rel=\"noreferrer noopener nofollow\">Citizens in Power<\/a> (Chipre).<\/p>\n\n\n\n<h2 class=\"wp-block-heading\">Resumos<\/h2>\n\n\n\n<p>Os relat\u00f3rios nacionais sobre a &#8220;Avalia\u00e7\u00e3o do impacto a m\u00e9dio prazo do plano de forma\u00e7\u00e3o durante a \u00e9poca de inc\u00eandios&#8221; apresentam os resultados de um estudo realizado durante o Ver\u00e3o de 2023 em cada pa\u00eds parceiro &#8211; Portugal (SPEL e OVF), Chipre (CIP), Alemanha (L4Y), Turquia (BOSEV), Gr\u00e9cia (KMOP), Espanha (Growth Coop) e It\u00e1lia (CESIE).<br>Esta avalia\u00e7\u00e3o tem como objetivo avaliar a import\u00e2ncia e a efic\u00e1cia de um programa de forma\u00e7\u00e3o para melhorar a prepara\u00e7\u00e3o e a resili\u00eancia das comunidades em caso de inc\u00eandios rurais\/florestais. No total, 314 participantes nos pa\u00edses do cons\u00f3rcio receberam forma\u00e7\u00e3o, enquanto 309 apenas participaram no estudo de impacto. Este estudo compara os resultados de um grupo de aproximadamente 40 formandos e 40 n\u00e3o formandos por parceiro com condi\u00e7\u00f5es socioecon\u00f3micas e geogr\u00e1ficas semelhantes.<\/p>\n\n\n\n<p>Os resultados demonstram a efic\u00e1cia das sess\u00f5es de forma\u00e7\u00e3o do projeto, que proporcionaram aos formandos importantes compet\u00eancias e aumentaram a sua capacidade de responder eficazmente \u00e0s amea\u00e7as de inc\u00eandio. Permitiram, ainda, identificar poss\u00edveis lacunas e \u00e1reas a melhorar. \u00c0 luz destes conhecimentos, o relat\u00f3rio apresenta recomenda\u00e7\u00f5es espec\u00edficas para refor\u00e7ar a resili\u00eancia das comunidades face aos inc\u00eandios florestais. As nossas recomenda\u00e7\u00f5es incluem iniciativas espec\u00edficas, campanhas de informa\u00e7\u00e3o e propostas de colabora\u00e7\u00e3o para refor\u00e7ar a resili\u00eancia e a prepara\u00e7\u00e3o da comunidades. De seguida, apresentamos as principais conclus\u00f5es em contextos nacionais espec\u00edficos.<\/p>\n\n\n\n<h2 class=\"wp-block-heading\">Resumos do Estudo de Impacto: Portugal<\/h2>\n\n\n\n<p>Em Portugal, o estudo envolveu 60 formandos e 93 n\u00e3o formandos de diversas comunidades afetadas pelos inc\u00eandios. As sess\u00f5es de forma\u00e7\u00e3o foram conduzidas pela Ovar Forma e pela SPEL e demonstraram um substancial impacto positivo nos n\u00edveis de confian\u00e7a, conhecimento e prontid\u00e3o dos participantes para lidar com os inc\u00eandios rurais. A compara\u00e7\u00e3o de resultados entre formandos e n\u00e3o formandos revela tend\u00eancias not\u00e1veis. Os formandos demonstraram n\u00edveis mais elevados de prepara\u00e7\u00e3o, compreens\u00e3o da legisla\u00e7\u00e3o nacional e conhecimento dos planos de evacua\u00e7\u00e3o. Sublinharam, ainda, a import\u00e2ncia de expandir tais iniciativas, particularmente em comunidades rurais vulner\u00e1veis. Al\u00e9m disso, os formandos manifestaram uma atitude mais positiva relativamente \u00e0 prepara\u00e7\u00e3o e aos recursos das suas comunidades para lidar com os inc\u00eandios florestais, enquanto os n\u00e3o formandos mostraram mais reservas e preocupa\u00e7\u00f5es. Tanto os formandos como os n\u00e3o formandos partilhavam a consci\u00eancia da import\u00e2ncia da floresta, das medidas preventivas e da potencial gravidade dos inc\u00eandios. <\/p>\n\n\n\n<p>O relat\u00f3rio portugu\u00eas sublinha a urgente necessidade de melhorar a coordena\u00e7\u00e3o e a afeta\u00e7\u00e3o de recursos a n\u00edvel local e regional. O estudo tamb\u00e9m destaca o papel crucial da recolha e divulga\u00e7\u00e3o cont\u00ednua de dados sobre a gravidade dos inc\u00eandios florestais e a avalia\u00e7\u00e3o dos riscos. A informa\u00e7\u00e3o exata e atualizada \u00e9 essencial para a tomada de decis\u00f5es informadas e para a preven\u00e7\u00e3o. Recomenda-se a manuten\u00e7\u00e3o de uma base de dados abrangente para monitorizar as tend\u00eancias dos inc\u00eandios florestais e os fatores de risco, bem como a recolha cont\u00ednua de dados sobre a gravidade dos inc\u00eandios e a avalia\u00e7\u00e3o dos riscos.<\/p>\n\n\n\n<p><a href=\"https:\/\/drive.google.com\/file\/d\/1BDU2-53XXKFPFk0a9m_CDm1zIgVGq6Nj\/view?usp=sharing\" target=\"_blank\" rel=\"noreferrer noopener nofollow\"><strong>Acesso ao Relat\u00f3rio Nacional de Portugal<\/strong><\/a><\/p>\n\n\n\n<h2 class=\"wp-block-heading\">Resumos do Estudo de Impacto: Chipre<\/h2>\n\n\n\n<p>A hist\u00f3ria dos inc\u00eandios florestais no Chipre remonta a d\u00e9cadas, com fatores naturais e humanos na sua base. Os dados recolhidos no Chipre comparam os resultados de um grupo de 40 formandos e de 40 n\u00e3o formandos. Estes revelam um impacto positivo na confian\u00e7a, prontid\u00e3o e prepara\u00e7\u00e3o ap\u00f3s frequentarem o plano de forma\u00e7\u00e3o do projeto. Este resultado sublinha a efic\u00e1cia das sess\u00f5es no refor\u00e7o das capacidades dos indiv\u00edduos para enfrentar eficazmente situa\u00e7\u00f5es relacionadas com o fogo. No entanto, a postura proactiva dos formandos e as preocupa\u00e7\u00f5es dos n\u00e3o formandos em educar a popula\u00e7\u00e3o rural em geral sobre a prepara\u00e7\u00e3o para os inc\u00eandios continuam a ser vitais. <\/p>\n\n\n\n<p>Estas recomenda\u00e7\u00f5es englobam abordagens multifacetadas, incluindo a prmo\u00e7\u00e3o de campanhas para permitir o envolvimento da comunidade e encorajar uma participa\u00e7\u00e3o mais alargada. Incluem, ainda, a implementa\u00e7\u00e3o de sess\u00f5es de forma\u00e7\u00e3o pr\u00e1tica, iniciativas de educa\u00e7\u00e3o p\u00fablica, a presta\u00e7\u00e3o de apoio psicol\u00f3gico e o estabelecimento estrat\u00e9gico de pontos de supress\u00e3o de inc\u00eandios para reduzir os tempos de resposta. Ao adotar estas sugest\u00f5es, as comunidades podem equipar-se melhor para enfrentar os desafios dos inc\u00eandios florestais e fortalecer ainda mais a sua capacidade de resposta.<\/p>\n\n\n\n<p><a href=\"https:\/\/drive.google.com\/file\/d\/1dA6HMT_dSb6kdCn_R1KFuFQdKgig4axs\/view?usp=sharing\" target=\"_blank\" rel=\"noreferrer noopener\"><strong>Acesso ao Relat\u00f3rio Nacional de Chipre<\/strong><\/a><\/p>\n\n\n\n<h2 class=\"wp-block-heading\">Resumos do Estudo de Impacto: Alemanha<\/h2>\n\n\n\n<p>Neste estudo, foram obtidas conclus\u00f5es fundamentais envolvendo cidad\u00e3os alem\u00e3es, 40 dos quais participaram enquanto formandos e 44 que n\u00e3o fizeram parte das a\u00e7\u00f5es de forma\u00e7\u00e3o. Os resultados demonstram que o plano de forma\u00e7\u00e3o do Forest Fire Protection teve um impacto positivo na autoconfian\u00e7a, prontid\u00e3o e prepara\u00e7\u00e3o dos formandos, em compara\u00e7\u00e3o com os participantes n\u00e3o formandos. Estes indiv\u00edduos revelaram n\u00edveis de confian\u00e7a mais elevados na utiliza\u00e7\u00e3o de ferramentas de combate a inc\u00eandios, na compreens\u00e3o das zonas de seguran\u00e7a e na interpreta\u00e7\u00e3o de planos de emerg\u00eancia. No entanto, embora os formandos tenham beneficiado significativamente das sess\u00f5es de forma\u00e7\u00e3o, o estudo identificou lacunas ao n\u00edvel dos conhecimentos, incluindo a categoriza\u00e7\u00e3o dos inc\u00eandios florestais e compreens\u00e3o da gravidade dos inc\u00eandios, o que indica que necessitam de iniciativas educativas direccionadas para esses t\u00f3picos em espec\u00edfico. <\/p>\n\n\n\n<p>Al\u00e9m disso, os nossos resultados indicaram que os participantes n\u00e3o formandos possu\u00edam um n\u00edvel b\u00e1sico de sensibiliza\u00e7\u00e3o para estes temas, salientando a import\u00e2ncia de alargar as oportunidades de forma\u00e7\u00e3o a um p\u00fablico mais vasto para uma melhor prepara\u00e7\u00e3o da comunidade. O estudo na Alemanha revelou que ainda h\u00e1 espa\u00e7o para melhorias, particularmente na abordagem das lacunas de conhecimentos e na promo\u00e7\u00e3o da inclus\u00e3o no que toca ao envolvimento da comunidade.<\/p>\n\n\n\n<p><a href=\"https:\/\/drive.google.com\/file\/d\/14lx5E9HjK-C3Go6U2lbbSGVWEpUe3JpV\/view?usp=sharing\" target=\"_blank\" rel=\"noreferrer noopener\"><strong>Acesso ao Relat\u00f3rio Nacional da Alemanha<\/strong><\/a><\/p>\n\n\n\n<h2 class=\"wp-block-heading\">Resumos do Estudo de Impacto: Turquia<\/h2>\n\n\n\n<p>No caso da Turquia, partilhamos as principais conclus\u00f5es e ideias de um estudo alargado que envolveu 52 participantes formandos e 50 participantes n\u00e3o formandos. Os resultados mostram que a forma\u00e7\u00e3o sobre inc\u00eandios florestais deve ser cont\u00ednua. Nas zonas rurais, apesar de as pessoas com experi\u00eancia em inc\u00eandios estarem preparadas em algumas \u00e1reas, h\u00e1 sempre necessidade de atualizarem os seus conhecimentos. Embora todos tenham salientado a import\u00e2ncia da prepara\u00e7\u00e3o para os inc\u00eandios florestais e dos exerc\u00edcios de forma\u00e7\u00e3o, muitos dos inquiridos n\u00e3o se sentiam totalmente preparados e seguros. N\u00e3o existe uma diferen\u00e7a significativa entre os participantes com e sem forma\u00e7\u00e3o no processo de prepara\u00e7\u00e3o para inc\u00eandios. A principal diferen\u00e7a foi observada na efic\u00e1cia da sua prepara\u00e7\u00e3o, na autoconfian\u00e7a e na utiliza\u00e7\u00e3o de novos m\u00e9todos de combate a inc\u00eandios. Durante as sess\u00f5es, os participantes declararam, em particular, a sua preocupa\u00e7\u00e3o com a seguran\u00e7a dos idosos, crian\u00e7as, pessoas com defici\u00eancia e animais que n\u00e3o se podem proteger a si pr\u00f3prios. Quase todos os participantes no estudo na Turquia sublinharam a import\u00e2ncia da coopera\u00e7\u00e3o com as autoridades locais e da a\u00e7\u00e3o coletiva em vez de esfor\u00e7os individuais em caso de inc\u00eandio. <\/p>\n\n\n\n<p>As partes mais eficazes da forma\u00e7\u00e3o foram as causas do inc\u00eandio, o plano de fuga, o combate ao fogo de acordo com os tipos de inc\u00eandio e a prote\u00e7\u00e3o dos animais. Entre os participantes que n\u00e3o receberam forma\u00e7\u00e3o, \u00e9 not\u00e1vel a falta de conhecimentos e de confian\u00e7a nestes temas. As conclus\u00f5es gerais podem ser enumeradas da seguinte forma: a forma\u00e7\u00e3o \u00e9 geralmente eficaz, a forma\u00e7\u00e3o em mat\u00e9ria de inc\u00eandios deve ser repetida a determinados intervalos de tempo, a coopera\u00e7\u00e3o com as autoridades locais \u00e9 muito importante antes, durante e ap\u00f3s o inc\u00eandio e a forma\u00e7\u00e3o deve continuar n\u00e3o s\u00f3 em termos te\u00f3ricos, mas tamb\u00e9m pr\u00e1ticos. Devem ser tomadas as medidas necess\u00e1rias para assegurar a situa\u00e7\u00e3o das pessoas vulner\u00e1veis e dos animais. Os inc\u00eandios causam danos coletivos e n\u00e3o apenas individuais, e a determina\u00e7\u00e3o das situa\u00e7\u00f5es que exigem uma interven\u00e7\u00e3o profissional no combate aos inc\u00eandios \u00e9 crucial para a seguran\u00e7a de todos.<\/p>\n\n\n\n<p><strong><a href=\"https:\/\/drive.google.com\/file\/d\/140pFfXGtiqb2LM5CqhGSWkFYgcA6A9Um\/view?usp=sharing\">Acesso ao Relat\u00f3rio Nacional da Turquia<\/a><\/strong><\/p>\n\n\n\n<h2 class=\"wp-block-heading\">Resumos do Estudo de Impacto: Gr\u00e9cia<\/h2>\n\n\n\n<p>Os inc\u00eandios florestais na Gr\u00e9cia s\u00e3o um fen\u00f3meno recorrente que atinge \u00e1reas urbanas e rurais em todo o pa\u00eds, como confirmado pelos graves inc\u00eandios que deflagraram no Ver\u00e3o de 2023 em \u00c1tica, Loutraki, Rodes, Corfu, Magn\u00e9sia, Fthiotida, Evros e outras \u00e1reas. O estudo analisa o impacto da forma\u00e7\u00e3o em inc\u00eandios florestais, comparando os resultados de 40 participantes formandos e 42 n\u00e3o formandos com semlheantes antecedentes socioecon\u00f3micos e geogr\u00e1ficos. Os resultados apontam para um impacto limitado no n\u00edvel de prepara\u00e7\u00e3o e confian\u00e7a dos participantes na forma\u00e7\u00e3o, uma vez que os formandos e os n\u00e3o formandos demonstram n\u00edveis semelhantes de conhecimento e capacidade de a\u00e7\u00e3o em caso de inc\u00eandio florestal. <\/p>\n\n\n\n<p>O seu n\u00edvel de prepara\u00e7\u00e3o e confian\u00e7a \u00e9 moderado, e a sua pontua\u00e7\u00e3o m\u00e9dia nos cinco fatores (taxa de sobreviv\u00eancia da comunidade, gravidade dos inc\u00eandios, taxa de sobreviv\u00eancia dos animais, perda de material, n\u00edvel de confian\u00e7a) inclu\u00eddos no inqu\u00e9rito varia em torno de 6 numa escala de 1-10. Este resultado explica-se pela gravidade dos inc\u00eandios florestais na Gr\u00e9cia, que causam danos irrevers\u00edveis \u00e0 vida humana, aos animais, aos bens materiais e ao ambiente, j\u00e1 que o Estado parece n\u00e3o estar preparado para prevenir e intervir estas ocorr\u00eancias de forma satisfat\u00f3ria. A falta de confian\u00e7a nas estrat\u00e9gias estatais a n\u00edvel local e nacional acentua a import\u00e2ncia da forma\u00e7\u00e3o dos cidad\u00e3os a n\u00edvel individual e comunit\u00e1rio para que se sintam confiantes e preparados para se protegerem a si pr\u00f3prios e \u00e0 sua comunidade.<\/p>\n\n\n\n<p><a href=\"https:\/\/drive.google.com\/file\/d\/1VKiA3wYsEfdBIso_-M-3ZGZFQqp8ii_Y\/view?usp=drive_link\" target=\"_blank\" rel=\"noreferrer noopener\"><strong>Acesso ao Relat\u00f3rio Nacional da Gr\u00e9cia<\/strong><\/a><\/p>\n\n\n\n<h2 class=\"wp-block-heading\">Resumos do Estudo de Impacto: Espanha<\/h2>\n\n\n\n<p>Os question\u00e1rios e os grupos de discuss\u00e3o realizados nos tr\u00eas resultados do projeto mostram que, em Espanha, existe uma falta significativa de forma\u00e7\u00e3o da popula\u00e7\u00e3o em mat\u00e9ria de autoprote\u00e7\u00e3o em caso de inc\u00eandios florestais e de preven\u00e7\u00e3o. A maioria dos inquiridos tem conhecimentos b\u00e1sicos, mas sente que as suas comunidades n\u00e3o est\u00e3o bem preparadas para lidar com os diferentes problemas que um inc\u00eandio florestal pode causar, n\u00e3o se informam e nem sabem que medidas tomar. Este racioc\u00ednio est\u00e1 presente em 72,5% dos inquiridos que participaram em forma\u00e7\u00e3o e 65% dos participantes que n\u00e3o frequentaram forma\u00e7\u00e3o. Existe um elevado n\u00edvel de consci\u00eancia ambiental, evidenciado pelo facto da popula\u00e7\u00e3o de ambos os grupos conhecer bem o ambiente que os rodeia, as suas esp\u00e9cies, o seu valor e os problemas causados pelos inc\u00eandios florestais. <\/p>\n\n\n\n<p>Ambos os grupos est\u00e3o igualmente conscientes da import\u00e2ncia das medidas preventivas de gest\u00e3o dos res\u00edduos, da limpeza das florestas e da manuten\u00e7\u00e3o das estradas. O problema mais significativo \u00e9 o que fazer no momento em que os inc\u00eandios deflagram porque os seus instintos podem ser enganadores j\u00e1 que possuem conhecimentos limitados na interpreta\u00e7\u00e3o de planos ou na utiliza\u00e7\u00e3o de equipamento de combate a inc\u00eandios. Todos estes dados est\u00e3o diretamente relacionados com os grupos que receberam forma\u00e7\u00e3o (os que obt\u00eam melhores dados) e os que n\u00e3o receberam (onde as defici\u00eancias s\u00e3o mais acentuadas). No entanto, estes \u00faltimos t\u00eam tamb\u00e9m uma elevada consci\u00eancia ambiental e conhecimentos sobre a preven\u00e7\u00e3o de inc\u00eandios florestais.<\/p>\n\n\n\n<p><a href=\"https:\/\/drive.google.com\/file\/d\/1fX5REbAI814yyFvotxHcAlM8oUlJm1lx\/view?usp=drive_link\" target=\"_blank\" rel=\"noreferrer noopener\"><strong>Acesso ao Relat\u00f3rio Nacional de Espanha<\/strong><\/a><\/p>\n\n\n\n<h2 class=\"wp-block-heading\">Resumo do Estudo de Impacto: It\u00e1lia<\/h2>\n\n\n\n<p>O Relat\u00f3rio Nacional Italiano foi preparado pelo CESIE, que conduziu as atividades na Sic\u00edlia (It\u00e1lia), uma terra onde todos os Ver\u00f5es os inc\u00eandios florestais s\u00e3o muito frequentes, poderosos, perigosos e destrutivos. Este relat\u00f3rio inclui o estudo efetuado com 37 participantes que receberam forma\u00e7\u00e3o e 36 que n\u00e3o constaram desse grupo. Os participantes s\u00e3o, na sua maioria, desempregados, estudantes, trabalhadores e profissionais de v\u00e1rias \u00e1reas. O presente document compara os dois grupos e avalia o impacto positivo de sess\u00f5es de forma\u00e7\u00e3o, mesmo que simplistas e curtas, no dom\u00ednio dos inc\u00eandios rurais e os seus efeitos no p\u00fablico. <\/p>\n\n\n\n<p>Os dados revelam que os participantes que fizeram parte do grupo que recebeu forma\u00e7\u00e3o sentem-se muito mais preparados, prontos e informados sobre inc\u00eandios florestais, sobre preven\u00e7\u00e3o e interven\u00e7\u00e3o em inc\u00eandios. Estes resultados n\u00e3o s\u00f3 demonstram a efic\u00e1cia destas iniciativas, como tamb\u00e9m real\u00e7am muito claramente os problemas e a falta de forma\u00e7\u00e3o (e a forte vontade de a receber) nas comunidades rurais.<\/p>\n\n\n\n<p><a href=\"https:\/\/drive.google.com\/file\/d\/1eQV6Le4uJgJbI62GO7Ey6Pks5B9Qi8wK\/view?usp=sharing\" target=\"_blank\" rel=\"noreferrer noopener\"><strong>Liga\u00e7\u00e3o de acesso ao Relat\u00f3rio Nacional de It\u00e1lia<\/strong><\/a><\/p>\n\n\n\n<h2 class=\"wp-block-heading\"><strong>Conclus\u00e3o<\/strong><\/h2>\n\n\n\n<p>Para ver os resultados do &#8220;Estudo de Impacto do Plano de Forma\u00e7\u00e3o a m\u00e9dio prazo durante a \u00c9poca de inc\u00eandios&#8221;, leia o <a href=\"https:\/\/drive.google.com\/file\/d\/1FLdN-YK500gL3aNs30mkxQbUsq2KM6Yj\/view?usp=sharing\">Relat\u00f3rio Final<\/a>.<\/p>\n\n\n\n<p>Siga-nos no <a href=\"https:\/\/www.facebook.com\/ForestFireProtectionProject\" target=\"_blank\" rel=\"noreferrer noopener\">Facebook<\/a> e no <a href=\"https:\/\/www.youtube.com\/channel\/UCPyJGsd_hGSS9hHYEcnIjng\/\" target=\"_blank\" rel=\"noreferrer noopener\">Youtube<\/a><br>N\u00e3o hesite em <a href=\"https:\/\/forestfireprotection.com\/pt\/contactos\/\" target=\"_blank\" rel=\"noreferrer noopener\">contactar-nos<\/a>.<\/p>\n","protected":false},"excerpt":{"rendered":"<p>No &#8220;Estudo de impacto da prote\u00e7\u00e3o contra inc\u00eandios rurais a m\u00e9dio prazo &#8211; resumos executivos&#8221;, apresentamos os relat\u00f3rios nacionais sobre a &#8220;Avalia\u00e7\u00e3o de impacto a&#8230;<\/p>\n","protected":false},"author":1,"featured_media":811,"comment_status":"open","ping_status":"open","sticky":false,"template":"","format":"standard","meta":{"footnotes":""},"categories":[7],"tags":[],"class_list":["post-810","post","type-post","status-publish","format-standard","has-post-thumbnail","hentry","category-r3"],"yoast_head":"<!-- This site is optimized with the Yoast SEO plugin v21.7 - https:\/\/yoast.com\/wordpress\/plugins\/seo\/ -->\n<title>Estudo de impacto dos inc\u00eandios rurais: resumos<\/title>\n<meta name=\"description\" content=\"Explore o estudo de impacto dos Inc\u00eandios Florestais para avaliar a efic\u00e1cia da nossa forma\u00e7\u00e3o na prote\u00e7\u00e3o contra inc\u00eandios florestais nos diferentes pa\u00edses da parceria.\" \/>\n<meta name=\"robots\" content=\"index, follow, max-snippet:-1, max-image-preview:large, max-video-preview:-1\" \/>\n<link rel=\"canonical\" href=\"https:\/\/forestfireprotection.com\/pt\/incendios-rurais-estudo-impacto\/\" \/>\n<meta property=\"og:locale\" content=\"pt_PT\" \/>\n<meta property=\"og:type\" content=\"article\" \/>\n<meta property=\"og:title\" content=\"Estudo de impacto dos inc\u00eandios rurais: resumos\" \/>\n<meta property=\"og:description\" content=\"Explore o estudo de impacto dos Inc\u00eandios Florestais para avaliar a efic\u00e1cia da nossa forma\u00e7\u00e3o na prote\u00e7\u00e3o contra inc\u00eandios florestais nos diferentes pa\u00edses da parceria.\" \/>\n<meta property=\"og:url\" content=\"https:\/\/forestfireprotection.com\/pt\/incendios-rurais-estudo-impacto\/\" \/>\n<meta property=\"og:site_name\" content=\"Prote\u00e7\u00e3o contra inc\u00eandios florestais\" \/>\n<meta property=\"article:published_time\" content=\"2023-11-19T23:16:11+00:00\" \/>\n<meta property=\"og:image\" content=\"https:\/\/forestfireprotection.com\/pt\/wp-content\/uploads\/2023\/11\/incendio-florestal6.jpeg\" \/>\n\t<meta property=\"og:image:width\" content=\"1456\" \/>\n\t<meta property=\"og:image:height\" content=\"816\" \/>\n\t<meta property=\"og:image:type\" content=\"image\/jpeg\" \/>\n<meta name=\"author\" content=\"ffpPTadmin\" \/>\n<meta name=\"twitter:card\" content=\"summary_large_image\" \/>\n<meta name=\"twitter:label1\" content=\"Escrito por\" \/>\n\t<meta name=\"twitter:data1\" content=\"ffpPTadmin\" \/>\n\t<meta name=\"twitter:label2\" content=\"Tempo estimado de leitura\" \/>\n\t<meta name=\"twitter:data2\" content=\"12 minutos\" \/>\n<script type=\"application\/ld+json\" class=\"yoast-schema-graph\">{\"@context\":\"https:\/\/schema.org\",\"@graph\":[{\"@type\":\"WebPage\",\"@id\":\"https:\/\/forestfireprotection.com\/pt\/incendios-rurais-estudo-impacto\/\",\"url\":\"https:\/\/forestfireprotection.com\/pt\/incendios-rurais-estudo-impacto\/\",\"name\":\"Estudo de impacto dos inc\u00eandios rurais: resumos\",\"isPartOf\":{\"@id\":\"https:\/\/forestfireprotection.com\/pt\/#website\"},\"datePublished\":\"2023-11-19T23:16:11+00:00\",\"dateModified\":\"2023-11-19T23:16:11+00:00\",\"author\":{\"@id\":\"https:\/\/forestfireprotection.com\/pt\/#\/schema\/person\/cc49f06e47a8964fe641623e1adba872\"},\"description\":\"Explore o estudo de impacto dos Inc\u00eandios Florestais para avaliar a efic\u00e1cia da nossa forma\u00e7\u00e3o na prote\u00e7\u00e3o contra inc\u00eandios florestais nos diferentes pa\u00edses da parceria.\",\"breadcrumb\":{\"@id\":\"https:\/\/forestfireprotection.com\/pt\/incendios-rurais-estudo-impacto\/#breadcrumb\"},\"inLanguage\":\"pt-PT\",\"potentialAction\":[{\"@type\":\"ReadAction\",\"target\":[\"https:\/\/forestfireprotection.com\/pt\/incendios-rurais-estudo-impacto\/\"]}]},{\"@type\":\"BreadcrumbList\",\"@id\":\"https:\/\/forestfireprotection.com\/pt\/incendios-rurais-estudo-impacto\/#breadcrumb\",\"itemListElement\":[{\"@type\":\"ListItem\",\"position\":1,\"name\":\"Home\",\"item\":\"https:\/\/forestfireprotection.com\/pt\/\"},{\"@type\":\"ListItem\",\"position\":2,\"name\":\"Estudo de impacto dos inc\u00eandios rurais: resumos\"}]},{\"@type\":\"WebSite\",\"@id\":\"https:\/\/forestfireprotection.com\/pt\/#website\",\"url\":\"https:\/\/forestfireprotection.com\/pt\/\",\"name\":\"Prote\u00e7\u00e3o contra inc\u00eandios florestais\",\"description\":\"Autoprote\u00e7\u00e3o contra inc\u00eandios florestais\",\"potentialAction\":[{\"@type\":\"SearchAction\",\"target\":{\"@type\":\"EntryPoint\",\"urlTemplate\":\"https:\/\/forestfireprotection.com\/pt\/?s={search_term_string}\"},\"query-input\":\"required name=search_term_string\"}],\"inLanguage\":\"pt-PT\"},{\"@type\":\"Person\",\"@id\":\"https:\/\/forestfireprotection.com\/pt\/#\/schema\/person\/cc49f06e47a8964fe641623e1adba872\",\"name\":\"ffpPTadmin\",\"image\":{\"@type\":\"ImageObject\",\"inLanguage\":\"pt-PT\",\"@id\":\"https:\/\/forestfireprotection.com\/pt\/#\/schema\/person\/image\/\",\"url\":\"https:\/\/secure.gravatar.com\/avatar\/96789e5dc1575e379997596a9db6bc8c3906eb5695326574e756f962133a4bac?s=96&d=mm&r=g\",\"contentUrl\":\"https:\/\/secure.gravatar.com\/avatar\/96789e5dc1575e379997596a9db6bc8c3906eb5695326574e756f962133a4bac?s=96&d=mm&r=g\",\"caption\":\"ffpPTadmin\"},\"sameAs\":[\"https:\/\/forestfireprotection.com\/pt\"],\"url\":\"https:\/\/forestfireprotection.com\/pt\/author\/ffpptadmin\/\"}]}<\/script>\n<!-- \/ Yoast SEO plugin. -->","yoast_head_json":{"title":"Estudo de impacto dos inc\u00eandios rurais: resumos","description":"Explore o estudo de impacto dos Inc\u00eandios Florestais para avaliar a efic\u00e1cia da nossa forma\u00e7\u00e3o na prote\u00e7\u00e3o contra inc\u00eandios florestais nos diferentes pa\u00edses da parceria.","robots":{"index":"index","follow":"follow","max-snippet":"max-snippet:-1","max-image-preview":"max-image-preview:large","max-video-preview":"max-video-preview:-1"},"canonical":"https:\/\/forestfireprotection.com\/pt\/incendios-rurais-estudo-impacto\/","og_locale":"pt_PT","og_type":"article","og_title":"Estudo de impacto dos inc\u00eandios rurais: resumos","og_description":"Explore o estudo de impacto dos Inc\u00eandios Florestais para avaliar a efic\u00e1cia da nossa forma\u00e7\u00e3o na prote\u00e7\u00e3o contra inc\u00eandios florestais nos diferentes pa\u00edses da parceria.","og_url":"https:\/\/forestfireprotection.com\/pt\/incendios-rurais-estudo-impacto\/","og_site_name":"Prote\u00e7\u00e3o contra inc\u00eandios florestais","article_published_time":"2023-11-19T23:16:11+00:00","og_image":[{"width":1456,"height":816,"url":"https:\/\/forestfireprotection.com\/pt\/wp-content\/uploads\/2023\/11\/incendio-florestal6.jpeg","type":"image\/jpeg"}],"author":"ffpPTadmin","twitter_card":"summary_large_image","twitter_misc":{"Escrito por":"ffpPTadmin","Tempo estimado de leitura":"12 minutos"},"schema":{"@context":"https:\/\/schema.org","@graph":[{"@type":"WebPage","@id":"https:\/\/forestfireprotection.com\/pt\/incendios-rurais-estudo-impacto\/","url":"https:\/\/forestfireprotection.com\/pt\/incendios-rurais-estudo-impacto\/","name":"Estudo de impacto dos inc\u00eandios rurais: resumos","isPartOf":{"@id":"https:\/\/forestfireprotection.com\/pt\/#website"},"datePublished":"2023-11-19T23:16:11+00:00","dateModified":"2023-11-19T23:16:11+00:00","author":{"@id":"https:\/\/forestfireprotection.com\/pt\/#\/schema\/person\/cc49f06e47a8964fe641623e1adba872"},"description":"Explore o estudo de impacto dos Inc\u00eandios Florestais para avaliar a efic\u00e1cia da nossa forma\u00e7\u00e3o na prote\u00e7\u00e3o contra inc\u00eandios florestais nos diferentes pa\u00edses da parceria.","breadcrumb":{"@id":"https:\/\/forestfireprotection.com\/pt\/incendios-rurais-estudo-impacto\/#breadcrumb"},"inLanguage":"pt-PT","potentialAction":[{"@type":"ReadAction","target":["https:\/\/forestfireprotection.com\/pt\/incendios-rurais-estudo-impacto\/"]}]},{"@type":"BreadcrumbList","@id":"https:\/\/forestfireprotection.com\/pt\/incendios-rurais-estudo-impacto\/#breadcrumb","itemListElement":[{"@type":"ListItem","position":1,"name":"Home","item":"https:\/\/forestfireprotection.com\/pt\/"},{"@type":"ListItem","position":2,"name":"Estudo de impacto dos inc\u00eandios rurais: resumos"}]},{"@type":"WebSite","@id":"https:\/\/forestfireprotection.com\/pt\/#website","url":"https:\/\/forestfireprotection.com\/pt\/","name":"Prote\u00e7\u00e3o contra inc\u00eandios florestais","description":"Autoprote\u00e7\u00e3o contra inc\u00eandios florestais","potentialAction":[{"@type":"SearchAction","target":{"@type":"EntryPoint","urlTemplate":"https:\/\/forestfireprotection.com\/pt\/?s={search_term_string}"},"query-input":"required name=search_term_string"}],"inLanguage":"pt-PT"},{"@type":"Person","@id":"https:\/\/forestfireprotection.com\/pt\/#\/schema\/person\/cc49f06e47a8964fe641623e1adba872","name":"ffpPTadmin","image":{"@type":"ImageObject","inLanguage":"pt-PT","@id":"https:\/\/forestfireprotection.com\/pt\/#\/schema\/person\/image\/","url":"https:\/\/secure.gravatar.com\/avatar\/96789e5dc1575e379997596a9db6bc8c3906eb5695326574e756f962133a4bac?s=96&d=mm&r=g","contentUrl":"https:\/\/secure.gravatar.com\/avatar\/96789e5dc1575e379997596a9db6bc8c3906eb5695326574e756f962133a4bac?s=96&d=mm&r=g","caption":"ffpPTadmin"},"sameAs":["https:\/\/forestfireprotection.com\/pt"],"url":"https:\/\/forestfireprotection.com\/pt\/author\/ffpptadmin\/"}]}},"_links":{"self":[{"href":"https:\/\/forestfireprotection.com\/pt\/wp-json\/wp\/v2\/posts\/810","targetHints":{"allow":["GET"]}}],"collection":[{"href":"https:\/\/forestfireprotection.com\/pt\/wp-json\/wp\/v2\/posts"}],"about":[{"href":"https:\/\/forestfireprotection.com\/pt\/wp-json\/wp\/v2\/types\/post"}],"author":[{"embeddable":true,"href":"https:\/\/forestfireprotection.com\/pt\/wp-json\/wp\/v2\/users\/1"}],"replies":[{"embeddable":true,"href":"https:\/\/forestfireprotection.com\/pt\/wp-json\/wp\/v2\/comments?post=810"}],"version-history":[{"count":1,"href":"https:\/\/forestfireprotection.com\/pt\/wp-json\/wp\/v2\/posts\/810\/revisions"}],"predecessor-version":[{"id":812,"href":"https:\/\/forestfireprotection.com\/pt\/wp-json\/wp\/v2\/posts\/810\/revisions\/812"}],"wp:featuredmedia":[{"embeddable":true,"href":"https:\/\/forestfireprotection.com\/pt\/wp-json\/wp\/v2\/media\/811"}],"wp:attachment":[{"href":"https:\/\/forestfireprotection.com\/pt\/wp-json\/wp\/v2\/media?parent=810"}],"wp:term":[{"taxonomy":"category","embeddable":true,"href":"https:\/\/forestfireprotection.com\/pt\/wp-json\/wp\/v2\/categories?post=810"},{"taxonomy":"post_tag","embeddable":true,"href":"https:\/\/forestfireprotection.com\/pt\/wp-json\/wp\/v2\/tags?post=810"}],"curies":[{"name":"wp","href":"https:\/\/api.w.org\/{rel}","templated":true}]}}