{"id":800,"date":"2023-11-19T22:01:51","date_gmt":"2023-11-19T22:01:51","guid":{"rendered":"https:\/\/forestfireprotection.com\/pt\/?p=800"},"modified":"2023-12-27T12:53:02","modified_gmt":"2023-12-27T12:53:02","slug":"incendios-rurais-modulos-formacao","status":"publish","type":"post","link":"https:\/\/forestfireprotection.com\/pt\/incendios-rurais-modulos-formacao\/","title":{"rendered":"M\u00f3dulos de forma\u00e7\u00e3o sobre inc\u00eandios rurais: Desenvolvimento e integra\u00e7\u00e3o da plataforma online"},"content":{"rendered":"\n<p>No presente post &#8220;M\u00f3dulos de Forma\u00e7\u00e3o em Inc\u00eandios Rurais: Desenvolvimento e Integra\u00e7\u00e3o na Plataforma Online&#8221;, apresentamos o Resultado 2 do projeto <a href=\"https:\/\/forestfireprotection.com\/pt\/auto-proteccao-contra-incendios-florestais\/\" target=\"_blank\" rel=\"noreferrer noopener\">FFP<\/a>. O <a href=\"https:\/\/forestfireprotection.com\/learningforyouth.com\" target=\"_blank\" rel=\"noreferrer noopener\">L4Y Learning For Youth GmbH<\/a> \u00e9 o coordenador alem\u00e3o. O O cons\u00f3rcio conta ainda com o <a href=\"http:\/\/bosev.org\/\" target=\"_blank\" rel=\"noreferrer noopener nofollow\">BOSEV<\/a> (Turquia), a <a href=\"https:\/\/www.kmop.gr\/\" target=\"_blank\" rel=\"noreferrer noopener nofollow\">KMOP<\/a> (Gr\u00e9cia), a <a href=\"https:\/\/spel.com.pt\/\" target=\"_blank\" rel=\"noreferrer noopener nofollow\">SPEL<\/a> (Portugal), a <a href=\"https:\/\/centroqualificaovarforma.com\/\" target=\"_blank\" rel=\"noreferrer noopener nofollow\">OVAR-Forma<\/a> (Portugal), a <a href=\"https:\/\/cesie.org\/en\/\" target=\"_blank\" rel=\"noreferrer noopener nofollow\">Cesie<\/a> (It\u00e1lia), a <a href=\"https:\/\/www.growthcoop.eu\/\" target=\"_blank\" rel=\"noreferrer noopener nofollow\">Growth-Coop<\/a> (Espanha) e os <a href=\"https:\/\/www.citizensinpower.org\/\" target=\"_blank\" rel=\"noreferrer noopener nofollow\">Citizens in Power<\/a> (Chipre).<\/p>\n\n\n\n<p>Pode aceder ao Relat\u00f3rio Final completo do Projeto de Prote\u00e7\u00e3o contra Inc\u00eandios Florestais abaixo. Este relat\u00f3rio permitir-lhe-\u00e1 rever as v\u00e1rias fases e resultados do projeto.<\/p>\n\n\n\n<div class=\"wp-block-buttons is-content-justification-center is-layout-flex wp-container-core-buttons-is-layout-16018d1d wp-block-buttons-is-layout-flex\">\n<div class=\"wp-block-button\"><a class=\"wp-block-button__link wp-element-button\" href=\"https:\/\/forestfireprotection.com\/wp-content\/uploads\/2023\/12\/R3_A3-FinalPublication.pdf\" target=\"_blank\" rel=\"noreferrer noopener\">PQF &#8211; Relat\u00f3rio Final<\/a><\/div>\n<\/div>\n\n\n\n<h2 class=\"wp-block-heading\">Objetivos do resultado 2- Desenvolvimento de m\u00f3dulos de forma\u00e7\u00e3o<\/h2>\n\n\n\n<p>Resultado 2 (R2) &#8211; Desenvolvimento de m\u00f3dulos de forma\u00e7\u00e3o e objetivos da forma\u00e7\u00e3o online;<\/p>\n\n\n\n<ol class=\"wp-block-list\">\n<li>Criar unidades de forma\u00e7\u00e3o no \u00e2mbito do enquadramento de forma\u00e7\u00e3o para abordar aspetos espec\u00edficos da preven\u00e7\u00e3o e autoprote\u00e7\u00e3o contra inc\u00eandios rurais.<\/li>\n\n\n\n<li>Desenvolver materiais de forma\u00e7\u00e3o informativos, envolventes e adequados ao p\u00fablico-alvo.<\/li>\n\n\n\n<li>Conceber e criar uma plataforma online para a forma\u00e7\u00e3o, permitindo a personaliza\u00e7\u00e3o e o controlo do modo de aprendizagem.<\/li>\n\n\n\n<li>Elabora\u00e7\u00e3o de recursos adicionais que acompanham os m\u00f3dulos de forma\u00e7\u00e3o, melhorando a experi\u00eancia de aprendizagem.<\/li>\n\n\n\n<li>Criar um guia para formadores para os ajudar a ensinar eficazmente os m\u00f3dulos aos seus respetivos p\u00fablicos.<\/li>\n<\/ol>\n\n\n\n<h2 class=\"wp-block-heading\">M\u00f3dulos de forma\u00e7\u00e3o sobre inc\u00eandios florestais: Atividades do Resultado 2 &#8211; Desenvolvimento de M\u00f3dulos de Forma\u00e7\u00e3o<\/h2>\n\n\n\n<ul class=\"wp-block-list\">\n<li>A1 &#8211; Plataforma de forma\u00e7\u00e3o<\/li>\n\n\n\n<li>A2 &#8211; Desenvolvimento da Unidade 1: Introdu\u00e7\u00e3o aos Inc\u00eandios Rurais<\/li>\n\n\n\n<li>A3 &#8211; Desenvolvimento da Unidade 2: Preven\u00e7\u00e3o de Inc\u00eandios Rurais<\/li>\n\n\n\n<li>A4 &#8211; Desenvolvimento da Unidade 3: Autoprote\u00e7\u00e3o contra Inc\u00eandios Rurais<\/li>\n\n\n\n<li>A5 &#8211; Desenvolvimento de Recursos de Forma\u00e7\u00e3o para a Unidade 1<\/li>\n\n\n\n<li>A6 &#8211; Desenvolvimento de Recursos de Forma\u00e7\u00e3o para a Unidade 2<\/li>\n\n\n\n<li>A7 &#8211; Desenvolvimento de recursos de forma\u00e7\u00e3o para a Unidade 3<\/li>\n\n\n\n<li>A8 &#8211; Desenvolvimento do Guia do Formador<\/li>\n\n\n\n<li>A9 &#8211; Visitas a zonas rurais<\/li>\n\n\n\n<li>A10 &#8211; Teste-piloto dos Recursos de Forma\u00e7\u00e3o e do Guia do Formador para adultos sem compet\u00eancias digitais<\/li>\n\n\n\n<li>A11 &#8211; Teste-piloto dos recursos de forma\u00e7\u00e3o online para adultos com compet\u00eancias digitais<\/li>\n<\/ul>\n\n\n\n<h2 class=\"wp-block-heading\">M\u00f3dulos de forma\u00e7\u00e3o sobre inc\u00eandios rurais: A1-A8 Desenvolvimento da Plataforma de Forma\u00e7\u00e3o, M\u00f3dulos, Recursos e Guia do Formador<\/h2>\n\n\n\n<p>Ap\u00f3s a cria\u00e7\u00e3o do enquadramento da forma\u00e7\u00e3o do FFP, o cons\u00f3rcio desenvolveu o conte\u00fado das unidades. O plano de forma\u00e7\u00e3o inclui unidades de forma\u00e7\u00e3o, atividades, recursos de forma\u00e7\u00e3o e orienta\u00e7\u00f5es para os formadores.<\/p>\n\n\n\n<p>O desenvolvimento dos m\u00f3dulos de forma\u00e7\u00e3o e da forma\u00e7\u00e3o online come\u00e7ou em outubro de 2022 e continuou at\u00e9 mar\u00e7o de 2023. A plataforma de forma\u00e7\u00e3o foi constru\u00edda tendo em conta os seus benefici\u00e1rios finais, que s\u00e3o habitantes de comunidades rurais. Esta foi desenvolvida para ser intuitiva, apelativa, autoexplicativa e din\u00e2mica para que os utilizadores pudessem aprender autonomamente os conte\u00fados disponibilizados. O m\u00f3dulo de forma\u00e7\u00e3o foi apoiado por recursos de forma\u00e7\u00e3o complementares que orientam os formandos ao longo do processo de aprendizagem. A abordagem seguida neste ponto do projeto baseou-se na constru\u00e7\u00e3o de recursos pedagogicamente relevantes, tais como: apresenta\u00e7\u00f5es, infografias, flyers e v\u00eddeos.<\/p>\n\n\n\n<p>Os m\u00f3dulos de forma\u00e7\u00e3o foram desenvolvidos em ingl\u00eas e traduzidos para as l\u00ednguas dos parceiros: alem\u00e3o, grego, espanhol, portugu\u00eas, turco e italiano. A plataforma de forma\u00e7\u00e3o e todos os materiais tamb\u00e9m foram desenvolvidos para serem acess\u00edveis em todas as l\u00ednguas do cons\u00f3rcio.<br>Todos os m\u00f3dulos, recursos e guia para os formadores est\u00e3o dispon\u00edveis na plataforma de forma\u00e7\u00e3o: https:\/\/training.forestfireprotection.com\/<\/p>\n\n\n\n<figure class=\"wp-block-image size-large\"><img decoding=\"async\" width=\"1024\" height=\"466\" src=\"https:\/\/forestfireprotection.com\/pt\/wp-content\/themes\/veen\/assets\/images\/transparent.gif\" data-lazy=\"true\" data-src=\"https:\/\/forestfireprotection.com\/pt\/wp-content\/uploads\/2023\/11\/incendio-florestal-1024x466.png\" alt=\"\" class=\"wp-image-803\" data-srcset=\"https:\/\/forestfireprotection.com\/pt\/wp-content\/uploads\/2023\/11\/incendio-florestal-1024x466.png 1024w, https:\/\/forestfireprotection.com\/pt\/wp-content\/uploads\/2023\/11\/incendio-florestal-300x137.png 300w, https:\/\/forestfireprotection.com\/pt\/wp-content\/uploads\/2023\/11\/incendio-florestal-768x350.png 768w, https:\/\/forestfireprotection.com\/pt\/wp-content\/uploads\/2023\/11\/incendio-florestal-1536x699.png 1536w, https:\/\/forestfireprotection.com\/pt\/wp-content\/uploads\/2023\/11\/incendio-florestal-100x46.png 100w, https:\/\/forestfireprotection.com\/pt\/wp-content\/uploads\/2023\/11\/incendio-florestal-700x319.png 700w, https:\/\/forestfireprotection.com\/pt\/wp-content\/uploads\/2023\/11\/incendio-florestal-1600x728.png 1600w, https:\/\/forestfireprotection.com\/pt\/wp-content\/uploads\/2023\/11\/incendio-florestal.png 1938w\" data-sizes=\"(max-width: 1024px) 100vw, 1024px\" \/><figcaption class=\"wp-element-caption\">Figura 1: M\u00f3dulos de forma\u00e7\u00e3o desenvolvidos e dispon\u00edveis na plataforma<\/figcaption><\/figure>\n\n\n\n<hr class=\"wp-block-separator has-alpha-channel-opacity is-style-wide\"\/>\n\n\n\n<figure class=\"wp-block-image size-large\"><img decoding=\"async\" width=\"1024\" height=\"468\" src=\"https:\/\/forestfireprotection.com\/pt\/wp-content\/themes\/veen\/assets\/images\/transparent.gif\" data-lazy=\"true\" data-src=\"https:\/\/forestfireprotection.com\/pt\/wp-content\/uploads\/2023\/11\/incendio-florestal2-1024x468.png\" alt=\"\" class=\"wp-image-805\" data-srcset=\"https:\/\/forestfireprotection.com\/pt\/wp-content\/uploads\/2023\/11\/incendio-florestal2-1024x468.png 1024w, https:\/\/forestfireprotection.com\/pt\/wp-content\/uploads\/2023\/11\/incendio-florestal2-300x137.png 300w, https:\/\/forestfireprotection.com\/pt\/wp-content\/uploads\/2023\/11\/incendio-florestal2-768x351.png 768w, https:\/\/forestfireprotection.com\/pt\/wp-content\/uploads\/2023\/11\/incendio-florestal2-100x46.png 100w, https:\/\/forestfireprotection.com\/pt\/wp-content\/uploads\/2023\/11\/incendio-florestal2-700x320.png 700w, https:\/\/forestfireprotection.com\/pt\/wp-content\/uploads\/2023\/11\/incendio-florestal2.png 1434w\" data-sizes=\"(max-width: 1024px) 100vw, 1024px\" \/><figcaption class=\"wp-element-caption\">M\u00f3dulos de Forma\u00e7\u00e3o sobre Inc\u00eandios Florestais: Figura 2: M\u00f3dulos de forma\u00e7\u00e3o desenvolvidos e dispon\u00edveis na plataforma<\/figcaption><\/figure>\n\n\n\n<figure class=\"wp-block-image size-large\"><img decoding=\"async\" width=\"1024\" height=\"471\" src=\"https:\/\/forestfireprotection.com\/pt\/wp-content\/themes\/veen\/assets\/images\/transparent.gif\" data-lazy=\"true\" data-src=\"https:\/\/forestfireprotection.com\/pt\/wp-content\/uploads\/2023\/11\/incendio-florestal3-1024x471.png\" alt=\"\" class=\"wp-image-806\" data-srcset=\"https:\/\/forestfireprotection.com\/pt\/wp-content\/uploads\/2023\/11\/incendio-florestal3-1024x471.png 1024w, https:\/\/forestfireprotection.com\/pt\/wp-content\/uploads\/2023\/11\/incendio-florestal3-300x138.png 300w, https:\/\/forestfireprotection.com\/pt\/wp-content\/uploads\/2023\/11\/incendio-florestal3-768x353.png 768w, https:\/\/forestfireprotection.com\/pt\/wp-content\/uploads\/2023\/11\/incendio-florestal3-100x46.png 100w, https:\/\/forestfireprotection.com\/pt\/wp-content\/uploads\/2023\/11\/incendio-florestal3-700x322.png 700w, https:\/\/forestfireprotection.com\/pt\/wp-content\/uploads\/2023\/11\/incendio-florestal3.png 1336w\" data-sizes=\"(max-width: 1024px) 100vw, 1024px\" \/><figcaption class=\"wp-element-caption\">M\u00f3dulos de Forma\u00e7\u00e3o sobre Inc\u00eandios Florestais: Figura 3: Directrizes do formador desenvolvidas e dispon\u00edveis na plataforma<\/figcaption><\/figure>\n\n\n\n<hr class=\"wp-block-separator has-alpha-channel-opacity is-style-wide\"\/>\n\n\n\n<h2 class=\"wp-block-heading\">A9 &#8211; Visitas a zonas rurais<\/h2>\n\n\n\n<p>Ap\u00f3s o desenvolvimento das a\u00e7\u00f5es de forma\u00e7\u00e3o, os parceiros organizaram visitas \u00e0s comunidades rurais. Nesta fase, o objetivo passou por envolver e cooperar com entidades locais em atividades sociopol\u00edticas e de prote\u00e7\u00e3o civil. Foram realizadas negocia\u00e7\u00f5es e assinados protocolos com organiza\u00e7\u00f5es para acordar a utiliza\u00e7\u00e3o dos recursos do projeto.<\/p>\n\n\n\n<p>A fim de envolver a popula\u00e7\u00e3o rural local e realizar as atividades do projeto, os parceiros realizaram reuni\u00f5es e assinaram protocolos com um total de 101 representantes de, pelo menos, 4 regi\u00f5es diferentes.<\/p>\n\n\n\n<h2 class=\"wp-block-heading\">A10 &#8211; A11 Teste-piloto dos recursos de forma\u00e7\u00e3o e dos guias para os formadores no dom\u00ednio da forma\u00e7\u00e3o de adultos<\/h2>\n\n\n\n<p>O projeto Forest Fire Protection \u00e9 uma iniciativa abrangente que visa reduzir o risco de inc\u00eandios rurais e proteger as vidas e os bens das comunidades. Uma das principais componentes do projeto \u00e9 o desenvolvimento de novos recursos de forma\u00e7\u00e3o e de orienta\u00e7\u00f5es para os formadores das comunidades rurais.<br>O teste-piloto dos recursos de forma\u00e7\u00e3o foi organizado em duas atividades principais. A primeira atividade centrou-se no teste dos recursos com adultos sem compet\u00eancias digitais. A segunda atividade centrou-se no teste dos recursos online e foi concebida para adultos com compet\u00eancias digitais.<br>Os parceiros ministraram a forma\u00e7\u00e3o a 168 participantes durante o processo de teste-piloto, entre maio e julho de 2023.<br>O principal objetivo do teste-piloto era aumentar e refor\u00e7ar a prepara\u00e7\u00e3o e a resili\u00eancia das comunidades rurais aos inc\u00eandios rurais. Eis alguns dos benef\u00edcios espec\u00edficos dos recursos de forma\u00e7\u00e3o e das orienta\u00e7\u00f5es para os formadores:<\/p>\n\n\n\n<ul class=\"wp-block-list\">\n<li>Fornecem aos habitantes rurais os princ\u00edpios b\u00e1sicos da preven\u00e7\u00e3o de inc\u00eandios e da auto-prote\u00e7\u00e3o.<\/li>\n\n\n\n<li>Ajudam os benefici\u00e1rios a compreender melhor quais as a\u00e7\u00f5es a empreender em caso de inc\u00eandio, de modo a protegerem-se dos riscos.<\/li>\n\n\n\n<li>Desenvolvem os conhecimentos e as capacidades dos habitantes das zonas rurais atrav\u00e9s de sess\u00f5es presenciais ou online.<\/li>\n\n\n\n<li>Testam a usabilidade e a funcionalidade da plataforma de forma\u00e7\u00e3o.<\/li>\n\n\n\n<li>Avaliam o processo de implementa\u00e7\u00e3o do projeto.<\/li>\n<\/ul>\n\n\n<div class=\"wp-block-image\">\n<figure class=\"aligncenter size-large is-resized\"><img decoding=\"async\" width=\"1024\" height=\"716\" src=\"https:\/\/forestfireprotection.com\/pt\/wp-content\/themes\/veen\/assets\/images\/transparent.gif\" data-lazy=\"true\" data-src=\"https:\/\/forestfireprotection.com\/pt\/wp-content\/uploads\/2023\/11\/incendio-florestal4-1024x716.png\" alt=\"\" class=\"wp-image-807\" style=\"width:497px;height:auto\" data-srcset=\"https:\/\/forestfireprotection.com\/pt\/wp-content\/uploads\/2023\/11\/incendio-florestal4-1024x716.png 1024w, https:\/\/forestfireprotection.com\/pt\/wp-content\/uploads\/2023\/11\/incendio-florestal4-300x210.png 300w, https:\/\/forestfireprotection.com\/pt\/wp-content\/uploads\/2023\/11\/incendio-florestal4-768x537.png 768w, https:\/\/forestfireprotection.com\/pt\/wp-content\/uploads\/2023\/11\/incendio-florestal4-100x70.png 100w, https:\/\/forestfireprotection.com\/pt\/wp-content\/uploads\/2023\/11\/incendio-florestal4-644x450.png 644w, https:\/\/forestfireprotection.com\/pt\/wp-content\/uploads\/2023\/11\/incendio-florestal4.png 1070w\" data-sizes=\"(max-width: 1024px) 100vw, 1024px\" \/><figcaption class=\"wp-element-caption\">Quadro 1: Testes-piloto iniciais da forma\u00e7\u00e3o e da plataforma<\/figcaption><\/figure>\n<\/div>\n\n\n<h2 class=\"wp-block-heading\">Conclus\u00e3o<\/h2>\n\n\n\n<p>O desenvolvimento do m\u00f3dulo de forma\u00e7\u00e3o online do Projeto FFP e os testes-piloto criaram uma base s\u00f3lida para capacitar as comunidades rurais na luta contra os inc\u00eandios florestais. \u00c0 medida que avan\u00e7amos, espera-se que mais habitantes rurais beneficiem desta iniciativa, criando assim uma rede mais forte contra os inc\u00eandios. Todos os m\u00f3dulos, recursos e guias dos formadores est\u00e3o dispon\u00edveis na plataforma de forma\u00e7\u00e3o: https:\/\/training.forestfireprotection.com\/<\/p>\n\n\n\n<p>Siga-nos no <a href=\"https:\/\/www.facebook.com\/ForestFireProtectionProject\" target=\"_blank\" rel=\"noreferrer noopener nofollow\">Facebook<\/a> e no <a href=\"https:\/\/www.youtube.com\/@forestfireprotection5862\" target=\"_blank\" rel=\"noreferrer noopener nofollow\">YouTube<\/a><br>Por fim, n\u00e3o hesite em <a href=\"https:\/\/forestfireprotection.com\/pt\/contactos\/\">contactar-no<\/a>s.<\/p>\n","protected":false},"excerpt":{"rendered":"<p>No presente post &#8220;M\u00f3dulos de Forma\u00e7\u00e3o em Inc\u00eandios Rurais: Desenvolvimento e Integra\u00e7\u00e3o na Plataforma Online&#8221;, apresentamos o Resultado 2 do projeto FFP. O L4Y Learning&#8230;<\/p>\n","protected":false},"author":1,"featured_media":808,"comment_status":"open","ping_status":"open","sticky":false,"template":"","format":"standard","meta":{"footnotes":""},"categories":[5],"tags":[],"class_list":["post-800","post","type-post","status-publish","format-standard","has-post-thumbnail","hentry","category-r2"],"yoast_head":"<!-- This site is optimized with the Yoast SEO plugin v21.7 - https:\/\/yoast.com\/wordpress\/plugins\/seo\/ -->\n<title>M\u00f3dulos de forma\u00e7\u00e3o sobre inc\u00eandios rurais: Desenvolvimento e Plataforma Online<\/title>\n<meta name=\"description\" content=\"Os m\u00f3dulos de forma\u00e7\u00e3o sobre inc\u00eandios rurais aumentam a resili\u00eancia aos mesmos. Explore a nossa forma\u00e7\u00e3o onlinee junte-se \u00e0 iniciativa hoje mesmo.\" \/>\n<meta name=\"robots\" content=\"index, follow, max-snippet:-1, max-image-preview:large, max-video-preview:-1\" \/>\n<link rel=\"canonical\" href=\"https:\/\/forestfireprotection.com\/pt\/incendios-rurais-modulos-formacao\/\" \/>\n<meta property=\"og:locale\" content=\"pt_PT\" \/>\n<meta property=\"og:type\" content=\"article\" \/>\n<meta property=\"og:title\" content=\"M\u00f3dulos de forma\u00e7\u00e3o sobre inc\u00eandios rurais: Desenvolvimento e Plataforma Online\" \/>\n<meta property=\"og:description\" content=\"Os m\u00f3dulos de forma\u00e7\u00e3o sobre inc\u00eandios rurais aumentam a resili\u00eancia aos mesmos. Explore a nossa forma\u00e7\u00e3o onlinee junte-se \u00e0 iniciativa hoje mesmo.\" \/>\n<meta property=\"og:url\" content=\"https:\/\/forestfireprotection.com\/pt\/incendios-rurais-modulos-formacao\/\" \/>\n<meta property=\"og:site_name\" content=\"Prote\u00e7\u00e3o contra inc\u00eandios florestais\" \/>\n<meta property=\"article:published_time\" content=\"2023-11-19T22:01:51+00:00\" \/>\n<meta property=\"article:modified_time\" content=\"2023-12-27T12:53:02+00:00\" \/>\n<meta property=\"og:image\" content=\"https:\/\/forestfireprotection.com\/pt\/wp-content\/uploads\/2023\/11\/incendio-florestal5.jpeg\" \/>\n\t<meta property=\"og:image:width\" content=\"1456\" \/>\n\t<meta property=\"og:image:height\" content=\"816\" \/>\n\t<meta property=\"og:image:type\" content=\"image\/jpeg\" \/>\n<meta name=\"author\" content=\"ffpPTadmin\" \/>\n<meta name=\"twitter:card\" content=\"summary_large_image\" \/>\n<meta name=\"twitter:label1\" content=\"Escrito por\" \/>\n\t<meta name=\"twitter:data1\" content=\"ffpPTadmin\" \/>\n\t<meta name=\"twitter:label2\" content=\"Tempo estimado de leitura\" \/>\n\t<meta name=\"twitter:data2\" content=\"7 minutos\" \/>\n<script type=\"application\/ld+json\" class=\"yoast-schema-graph\">{\"@context\":\"https:\/\/schema.org\",\"@graph\":[{\"@type\":\"WebPage\",\"@id\":\"https:\/\/forestfireprotection.com\/pt\/incendios-rurais-modulos-formacao\/\",\"url\":\"https:\/\/forestfireprotection.com\/pt\/incendios-rurais-modulos-formacao\/\",\"name\":\"M\u00f3dulos de forma\u00e7\u00e3o sobre inc\u00eandios rurais: Desenvolvimento e Plataforma Online\",\"isPartOf\":{\"@id\":\"https:\/\/forestfireprotection.com\/pt\/#website\"},\"datePublished\":\"2023-11-19T22:01:51+00:00\",\"dateModified\":\"2023-12-27T12:53:02+00:00\",\"author\":{\"@id\":\"https:\/\/forestfireprotection.com\/pt\/#\/schema\/person\/cc49f06e47a8964fe641623e1adba872\"},\"description\":\"Os m\u00f3dulos de forma\u00e7\u00e3o sobre inc\u00eandios rurais aumentam a resili\u00eancia aos mesmos. Explore a nossa forma\u00e7\u00e3o onlinee junte-se \u00e0 iniciativa hoje mesmo.\",\"breadcrumb\":{\"@id\":\"https:\/\/forestfireprotection.com\/pt\/incendios-rurais-modulos-formacao\/#breadcrumb\"},\"inLanguage\":\"pt-PT\",\"potentialAction\":[{\"@type\":\"ReadAction\",\"target\":[\"https:\/\/forestfireprotection.com\/pt\/incendios-rurais-modulos-formacao\/\"]}]},{\"@type\":\"BreadcrumbList\",\"@id\":\"https:\/\/forestfireprotection.com\/pt\/incendios-rurais-modulos-formacao\/#breadcrumb\",\"itemListElement\":[{\"@type\":\"ListItem\",\"position\":1,\"name\":\"Home\",\"item\":\"https:\/\/forestfireprotection.com\/pt\/\"},{\"@type\":\"ListItem\",\"position\":2,\"name\":\"M\u00f3dulos de forma\u00e7\u00e3o sobre inc\u00eandios rurais: Desenvolvimento e integra\u00e7\u00e3o da plataforma online\"}]},{\"@type\":\"WebSite\",\"@id\":\"https:\/\/forestfireprotection.com\/pt\/#website\",\"url\":\"https:\/\/forestfireprotection.com\/pt\/\",\"name\":\"Prote\u00e7\u00e3o contra inc\u00eandios florestais\",\"description\":\"Autoprote\u00e7\u00e3o contra inc\u00eandios florestais\",\"potentialAction\":[{\"@type\":\"SearchAction\",\"target\":{\"@type\":\"EntryPoint\",\"urlTemplate\":\"https:\/\/forestfireprotection.com\/pt\/?s={search_term_string}\"},\"query-input\":\"required name=search_term_string\"}],\"inLanguage\":\"pt-PT\"},{\"@type\":\"Person\",\"@id\":\"https:\/\/forestfireprotection.com\/pt\/#\/schema\/person\/cc49f06e47a8964fe641623e1adba872\",\"name\":\"ffpPTadmin\",\"image\":{\"@type\":\"ImageObject\",\"inLanguage\":\"pt-PT\",\"@id\":\"https:\/\/forestfireprotection.com\/pt\/#\/schema\/person\/image\/\",\"url\":\"https:\/\/secure.gravatar.com\/avatar\/96789e5dc1575e379997596a9db6bc8c3906eb5695326574e756f962133a4bac?s=96&d=mm&r=g\",\"contentUrl\":\"https:\/\/secure.gravatar.com\/avatar\/96789e5dc1575e379997596a9db6bc8c3906eb5695326574e756f962133a4bac?s=96&d=mm&r=g\",\"caption\":\"ffpPTadmin\"},\"sameAs\":[\"https:\/\/forestfireprotection.com\/pt\"],\"url\":\"https:\/\/forestfireprotection.com\/pt\/author\/ffpptadmin\/\"}]}<\/script>\n<!-- \/ Yoast SEO plugin. -->","yoast_head_json":{"title":"M\u00f3dulos de forma\u00e7\u00e3o sobre inc\u00eandios rurais: Desenvolvimento e Plataforma Online","description":"Os m\u00f3dulos de forma\u00e7\u00e3o sobre inc\u00eandios rurais aumentam a resili\u00eancia aos mesmos. Explore a nossa forma\u00e7\u00e3o onlinee junte-se \u00e0 iniciativa hoje mesmo.","robots":{"index":"index","follow":"follow","max-snippet":"max-snippet:-1","max-image-preview":"max-image-preview:large","max-video-preview":"max-video-preview:-1"},"canonical":"https:\/\/forestfireprotection.com\/pt\/incendios-rurais-modulos-formacao\/","og_locale":"pt_PT","og_type":"article","og_title":"M\u00f3dulos de forma\u00e7\u00e3o sobre inc\u00eandios rurais: Desenvolvimento e Plataforma Online","og_description":"Os m\u00f3dulos de forma\u00e7\u00e3o sobre inc\u00eandios rurais aumentam a resili\u00eancia aos mesmos. Explore a nossa forma\u00e7\u00e3o onlinee junte-se \u00e0 iniciativa hoje mesmo.","og_url":"https:\/\/forestfireprotection.com\/pt\/incendios-rurais-modulos-formacao\/","og_site_name":"Prote\u00e7\u00e3o contra inc\u00eandios florestais","article_published_time":"2023-11-19T22:01:51+00:00","article_modified_time":"2023-12-27T12:53:02+00:00","og_image":[{"width":1456,"height":816,"url":"https:\/\/forestfireprotection.com\/pt\/wp-content\/uploads\/2023\/11\/incendio-florestal5.jpeg","type":"image\/jpeg"}],"author":"ffpPTadmin","twitter_card":"summary_large_image","twitter_misc":{"Escrito por":"ffpPTadmin","Tempo estimado de leitura":"7 minutos"},"schema":{"@context":"https:\/\/schema.org","@graph":[{"@type":"WebPage","@id":"https:\/\/forestfireprotection.com\/pt\/incendios-rurais-modulos-formacao\/","url":"https:\/\/forestfireprotection.com\/pt\/incendios-rurais-modulos-formacao\/","name":"M\u00f3dulos de forma\u00e7\u00e3o sobre inc\u00eandios rurais: Desenvolvimento e Plataforma Online","isPartOf":{"@id":"https:\/\/forestfireprotection.com\/pt\/#website"},"datePublished":"2023-11-19T22:01:51+00:00","dateModified":"2023-12-27T12:53:02+00:00","author":{"@id":"https:\/\/forestfireprotection.com\/pt\/#\/schema\/person\/cc49f06e47a8964fe641623e1adba872"},"description":"Os m\u00f3dulos de forma\u00e7\u00e3o sobre inc\u00eandios rurais aumentam a resili\u00eancia aos mesmos. Explore a nossa forma\u00e7\u00e3o onlinee junte-se \u00e0 iniciativa hoje mesmo.","breadcrumb":{"@id":"https:\/\/forestfireprotection.com\/pt\/incendios-rurais-modulos-formacao\/#breadcrumb"},"inLanguage":"pt-PT","potentialAction":[{"@type":"ReadAction","target":["https:\/\/forestfireprotection.com\/pt\/incendios-rurais-modulos-formacao\/"]}]},{"@type":"BreadcrumbList","@id":"https:\/\/forestfireprotection.com\/pt\/incendios-rurais-modulos-formacao\/#breadcrumb","itemListElement":[{"@type":"ListItem","position":1,"name":"Home","item":"https:\/\/forestfireprotection.com\/pt\/"},{"@type":"ListItem","position":2,"name":"M\u00f3dulos de forma\u00e7\u00e3o sobre inc\u00eandios rurais: Desenvolvimento e integra\u00e7\u00e3o da plataforma online"}]},{"@type":"WebSite","@id":"https:\/\/forestfireprotection.com\/pt\/#website","url":"https:\/\/forestfireprotection.com\/pt\/","name":"Prote\u00e7\u00e3o contra inc\u00eandios florestais","description":"Autoprote\u00e7\u00e3o contra inc\u00eandios florestais","potentialAction":[{"@type":"SearchAction","target":{"@type":"EntryPoint","urlTemplate":"https:\/\/forestfireprotection.com\/pt\/?s={search_term_string}"},"query-input":"required name=search_term_string"}],"inLanguage":"pt-PT"},{"@type":"Person","@id":"https:\/\/forestfireprotection.com\/pt\/#\/schema\/person\/cc49f06e47a8964fe641623e1adba872","name":"ffpPTadmin","image":{"@type":"ImageObject","inLanguage":"pt-PT","@id":"https:\/\/forestfireprotection.com\/pt\/#\/schema\/person\/image\/","url":"https:\/\/secure.gravatar.com\/avatar\/96789e5dc1575e379997596a9db6bc8c3906eb5695326574e756f962133a4bac?s=96&d=mm&r=g","contentUrl":"https:\/\/secure.gravatar.com\/avatar\/96789e5dc1575e379997596a9db6bc8c3906eb5695326574e756f962133a4bac?s=96&d=mm&r=g","caption":"ffpPTadmin"},"sameAs":["https:\/\/forestfireprotection.com\/pt"],"url":"https:\/\/forestfireprotection.com\/pt\/author\/ffpptadmin\/"}]}},"_links":{"self":[{"href":"https:\/\/forestfireprotection.com\/pt\/wp-json\/wp\/v2\/posts\/800","targetHints":{"allow":["GET"]}}],"collection":[{"href":"https:\/\/forestfireprotection.com\/pt\/wp-json\/wp\/v2\/posts"}],"about":[{"href":"https:\/\/forestfireprotection.com\/pt\/wp-json\/wp\/v2\/types\/post"}],"author":[{"embeddable":true,"href":"https:\/\/forestfireprotection.com\/pt\/wp-json\/wp\/v2\/users\/1"}],"replies":[{"embeddable":true,"href":"https:\/\/forestfireprotection.com\/pt\/wp-json\/wp\/v2\/comments?post=800"}],"version-history":[{"count":3,"href":"https:\/\/forestfireprotection.com\/pt\/wp-json\/wp\/v2\/posts\/800\/revisions"}],"predecessor-version":[{"id":818,"href":"https:\/\/forestfireprotection.com\/pt\/wp-json\/wp\/v2\/posts\/800\/revisions\/818"}],"wp:featuredmedia":[{"embeddable":true,"href":"https:\/\/forestfireprotection.com\/pt\/wp-json\/wp\/v2\/media\/808"}],"wp:attachment":[{"href":"https:\/\/forestfireprotection.com\/pt\/wp-json\/wp\/v2\/media?parent=800"}],"wp:term":[{"taxonomy":"category","embeddable":true,"href":"https:\/\/forestfireprotection.com\/pt\/wp-json\/wp\/v2\/categories?post=800"},{"taxonomy":"post_tag","embeddable":true,"href":"https:\/\/forestfireprotection.com\/pt\/wp-json\/wp\/v2\/tags?post=800"}],"curies":[{"name":"wp","href":"https:\/\/api.w.org\/{rel}","templated":true}]}}