{"id":784,"date":"2022-11-22T22:02:06","date_gmt":"2022-11-22T22:02:06","guid":{"rendered":"https:\/\/forestfireprotection.com\/pt\/?p=784"},"modified":"2023-11-19T21:57:55","modified_gmt":"2023-11-19T21:57:55","slug":"resumo-executivo-dos-incendios-florestais","status":"publish","type":"post","link":"https:\/\/forestfireprotection.com\/pt\/resumo-executivo-dos-incendios-florestais\/","title":{"rendered":"Resumo Executivo dos Inc\u00eandios Florestais"},"content":{"rendered":"\n<p>Neste artigo, intitulado \u201cSum\u00e1rio Executivo\u201d, a parceria do projeto apresenta o Quadro de Forma\u00e7\u00e3o do Projeto FFP. A parceria do projeto \u00e9 constitu\u00edda por: <a href=\"https:\/\/forestfireprotection.com\/learningforyouth.com\" target=\"_blank\" rel=\"noreferrer noopener\">L4Y Learning For Youth GmbH<\/a>\u00a0\u00e9 o coordenador alem\u00e3o; <a href=\"http:\/\/bosev.org\/\" target=\"_blank\" rel=\"noreferrer noopener\">BOSEV<\/a>\u00a0(Turquia),\u00a0<a href=\"https:\/\/www.kmop.gr\/\" target=\"_blank\" rel=\"noreferrer noopener\">KMOP<\/a>\u00a0(Gr\u00e9cia),\u00a0<a href=\"https:\/\/spel.com.pt\/\" target=\"_blank\" rel=\"noreferrer noopener\">SPEL<\/a>\u00a0(Portugal),\u00a0<a href=\"https:\/\/centroqualificaovarforma.com\/\" target=\"_blank\" rel=\"noreferrer noopener\">OVAR-Forma<\/a>\u00a0(Portugal),\u00a0<a href=\"https:\/\/cesie.org\/en\/\" target=\"_blank\" rel=\"noreferrer noopener\">Cesie<\/a>\u00a0(It\u00e1lia),\u00a0<a href=\"https:\/\/www.growthcoop.eu\/\" target=\"_blank\" rel=\"noreferrer noopener\">Growth-Coop<\/a>\u00a0(Espanha),\u00a0e\u00a0<a href=\"https:\/\/www.citizensinpower.org\/\" target=\"_blank\" rel=\"noreferrer noopener\">Citizens in Power<\/a>\u00a0(Chipre).<\/p>\n\n\n\n<p>Pode descarregar o relat\u00f3rio completo do Resultado 1,\u201d R1 &#8211; FFP Quadro de Forma\u00e7\u00e3o\u201d, <a href=\"https:\/\/forestfireprotection.com\/wp-content\/uploads\/2022\/11\/R1-A7_FFP_Training_Framework-Final-Report.pdf\" target=\"_blank\" rel=\"noreferrer noopener\">aqui<\/a>. Alternativamente, pode aceder ao Sum\u00e1rio Executivo <a href=\"https:\/\/forestfireprotection.com\/wp-content\/uploads\/2022\/11\/R1-A7-Executive-Summary-EN.pdf\" target=\"_blank\" rel=\"noreferrer noopener\">aqui<\/a>. O relat\u00f3rio completo tamb\u00e9m se encontra dispon\u00edvel em formato artigo <a href=\"https:\/\/forestfireprotection.com\/blog\/forest-fire-protection\/\" target=\"_blank\" rel=\"noreferrer noopener\">aqui<\/a>.<\/p>\n\n\n\n<p>O Sum\u00e1rio Executivo encontra-se dispon\u00edvel em <a href=\"https:\/\/forestfireprotection.com\/blog\/forest-fire-executive-summary\/#TrainingFramework\" target=\"_blank\" rel=\"noreferrer noopener\">ingl\u00eas<\/a>, <a href=\"https:\/\/forestfireprotection.com\/de\/waldbrand-executive-summary\/\" target=\"_blank\" rel=\"noreferrer noopener\">alem\u00e3o<\/a>, turco, italiano, grego, espanhol e <a href=\"https:\/\/forestfireprotection.com\/id\/ringkasan-eksekutif-kebakaran-hutan\/\" target=\"_blank\" rel=\"noreferrer noopener\">indon\u00e9sio.<\/a><\/p>\n\n\n\n<p>Tabela de Conte\u00fados<\/p>\n\n\n\n<ul class=\"wp-block-list\">\n<li><a href=\"#sum\u00e1rioexecutive\">Sum\u00e1rio executive<\/a><\/li>\n\n\n\n<li><a href=\"#Quadrodeforma\u00e7\u00e3o\">Quadro de forma\u00e7\u00e3o<\/a><\/li>\n\n\n\n<li><a href=\"#Conclus\u00e3o\" target=\"_blank\" rel=\"noreferrer noopener\">Conclus\u00e3o<\/a><\/li>\n<\/ul>\n\n\n\n<h2 class=\"wp-block-heading\">Sum\u00e1rio Executivo do Quadro de Forma\u00e7\u00e3o Forest Fire<\/h2>\n\n\n\n<p>Os impactos principais do Projeto Europeu \u201cForest Fire Protection\u201d (2021-1-DE02-KA220-ADU-000028430) s\u00e3o a preserva\u00e7\u00e3o do ambiente e a inclus\u00e3o social das comunidades rurais atrav\u00e9s da promo\u00e7\u00e3o da prontid\u00e3o contra os inc\u00eandios florestais. Para o efeito, o m\u00f3dulo de forma\u00e7\u00e3o \u201cPreven\u00e7\u00e3o de inc\u00eandios florestais e auto-prote\u00e7\u00e3o\u201d ser\u00e1 desenvolvido e ser\u00e1 fornecida forma\u00e7\u00e3o para adultos de comunidades rurais, tanto em formato presencial como virtual (atrav\u00e9s de uma plataforma online).<\/p>\n\n\n\n<p>O Resultado 1 (R1), intitulado \u201cForestFireProtection training framework\u201d foi desenvolvido ao longo de nove meses e compreendeu as seguintes atividades: cria\u00e7\u00e3o de um grupo externo de peritos; an\u00e1lise comparativa de boas pr\u00e1ticas sobre a forma\u00e7\u00e3o providenciada a popula\u00e7\u00f5es rurais no que diz respeito \u00e0 preven\u00e7\u00e3o de inc\u00eandios florestais e autoprote\u00e7\u00e3o; entrevistas a pessoas oriundas de \u00e1reas rurais; entrevistas a profissionais de prote\u00e7\u00e3o civil e inc\u00eandios florestais; defini\u00e7\u00e3o da estrutura preliminar do m\u00f3dulo; mesa redonda com um grupo externo de peritos para discutir a estrutura do m\u00f3dulo; e o Relat\u00f3rio Final: Enquadramento da Forma\u00e7\u00e3o de Prote\u00e7\u00e3o Contra Inc\u00eandios Florestais.<\/p>\n\n\n\n<p>A metodologia usada pelos parceiros foi:<\/p>\n\n\n\n<ul class=\"wp-block-list\">\n<li>primeiro, convidamos um grupo de peritos em prote\u00e7\u00e3o civil, em educa\u00e7\u00e3o e autoridades regionais para darem o seu parecer numa fase mais avan\u00e7ada do projeto;<\/li>\n<\/ul>\n\n\n\n<ul class=\"wp-block-list\">\n<li>segundo, foi realizada uma pesquisa comparativa em boas-pr\u00e1ticas implementadas globalmente e abordadas em diferentes projetos Erasmus +;<\/li>\n<\/ul>\n\n\n\n<ul class=\"wp-block-list\">\n<li>terceiro, foram realizadas 196 entrevistas a pessoas de \u00e1reas rurais e a profissionais em prote\u00e7\u00e3o civil e inc\u00eandios florestais;<\/li>\n<\/ul>\n\n\n\n<ul class=\"wp-block-list\">\n<li>quarto, foram definidas conclus\u00f5es atrav\u00e9s das atividades anteriores que permitiram construir uma estrutura preliminar do m\u00f3dulo;<\/li>\n<\/ul>\n\n\n\n<ul class=\"wp-block-list\">\n<li>por fim, o grupo de peritos deu o seu parecer sobre a estrutura do m\u00f3dulo e foram feitas em concord\u00e2ncia, de forma a criar a vers\u00e3o final da estrutura do m\u00f3dulo.<\/li>\n<\/ul>\n\n\n\n<p>Concluindo, as atividades desenvolvidas e os dados recolhidos durante o Resultado 1 \u2013 \u201cForestFireProtection training framework\u201d fundamentaram o enquadramento e a estrutura modular da forma\u00e7\u00e3o \u201cPreven\u00e7\u00e3o de inc\u00eandios florestais e autoprote\u00e7\u00e3o\u201d.<\/p>\n\n\n\n<h2 class=\"wp-block-heading\">Enquadramento da Forma\u00e7\u00e3o<\/h2>\n\n\n\n<figure class=\"wp-block-table\"><table><tbody><tr><td><strong>M\u00f3dulo<\/strong><\/td><td><strong>Conte\u00fado<\/strong><\/td><td><strong>Resultado de Aprendizagem<\/strong><\/td><td><strong>Dura\u00e7\u00e3o<\/strong><\/td><\/tr><tr><td><strong>1.\u00a0\u00a0\u00a0 Introdu\u00e7\u00e3o a<br>inc\u00eandios florestais<\/strong><\/td><td>1.1 Defini\u00e7\u00e3o de Inc\u00eandio Florestal<br>1.2 Impacto no meio-ambiente<br>1.3 Causas de deflagra\u00e7\u00e3o<br>1.3.1 Tri\u00e2ngulo do fogo<br>1.3.2 Atividade natural<br>1.3.3\u00a0Atividade humana<br>1.4 Classifica\u00e7\u00e3o do inc\u00eandio<br>\u00a0Gest\u00e3o de florestas e inc\u00eandios<\/td><td>\u00a0&#8211; Compreender o conceito de inc\u00eandio florestal;<br>\u00a0&#8211; Reconhecer o impacto dos inc\u00eandios florestais no meio-ambiente;<br>&#8211; Reconhecer a presen\u00e7a de riscos de inc\u00eandio e fontes de igni\u00e7\u00e3o comuns;<br>&#8211; Identificar os tipos de inc\u00eandios e a forma como se alastram.<\/td><td>Cinco horas<\/td><\/tr><tr><td><strong>2.\u00a0\u00a0\u00a0 Preven\u00e7\u00e3o contra<br>inc\u00eandios florestais<\/strong><\/td><td>2.1 Manter-se informado<br>2.2 Valorizar as florestas<br>2.3 Medidas preventivas<br>2.3.1 Gerais<br>2.3.2\u00a0Nas florestas<br>2.3.3\u00a0Equipamento<br>2.4 Zona de seguran\u00e7a contra inc\u00eandios<\/td><td>&#8211; Compreens\u00e3o da import\u00e2ncia de conhecer a lei local sobre inc\u00eandios florestais;<br>&#8211; Compreender o n\u00edvel ecol\u00f3gico das \u00e1reas naturais e a import\u00e2ncia ambiental das florestas;<br>&#8211; Conhecer medidas de preven\u00e7\u00e3o de inc\u00eandios florestais;<br>&#8211; Identificar diferentes tipos de equipamento de preven\u00e7\u00e3o de inc\u00eandios e saber quando utiliz\u00e1-los;<br>Identificar os passos principais para criar uma zona de seguran\u00e7a contra inc\u00eandios.<\/td><td>Cinco horas<\/td><\/tr><tr><td><strong>3.\u00a0\u00a0\u00a0 Autoprote\u00e7\u00e3o<br>contra inc\u00eandios florestais<\/strong><\/td><td>3.1 Plano de Fuga<br>3.2 Responder a um inc\u00eandio florestal \u2013 o que fazer quando:<br>3.2.1\u00a0Se aproxima de uma zona residencial;<br>3.2.2 Est\u00e1 confinado em casa;<br>3.2.3\u00a0Est\u00e1 no exterior.<br>\u00a0Kit de emerg\u00eancia.<\/td><td>&#8211; Identificar os passos principais para criar um plano de fuga e como proceder durante a evacua\u00e7\u00e3o;<br>&#8211; Compreender os procedimentos gerais de resposta a inc\u00eandios florestais em diferentes situa\u00e7\u00f5es e localiza\u00e7\u00f5es;<br>&#8211; Identificar e compreender a import\u00e2ncia dos itens que integram o kit de emerg\u00eancia;<\/td><td>Seis horas<\/td><\/tr><\/tbody><\/table><\/figure>\n\n\n\n<h2 class=\"wp-block-heading\">Sum\u00e1rio Executivo: Conclus\u00e3o<\/h2>\n\n\n\n<p>Este relat\u00f3rio apresenta uma vis\u00e3o geral das atividades desenvolvidas pela parceria do projeto de Forest Fire Protection durante o \u201cResultado 1 &#8211; Enquadramento de Forma\u00e7\u00e3o FFP\u201d.<\/p>\n\n\n\n<p>Al\u00e9m disso, a implementa\u00e7\u00e3o das diferentes atividades descritas neste relat\u00f3rio lan\u00e7ou as bases para a cria\u00e7\u00e3o de um m\u00f3dulo de forma\u00e7\u00e3o e materiais de forma\u00e7\u00e3o destinados a fornecer conhecimentos sobre preven\u00e7\u00e3o de inc\u00eandios florestais e autoprote\u00e7\u00e3o.<\/p>\n\n\n\n<p>As recomenda\u00e7\u00f5es e opini\u00f5es dos peritos envolvidos durante o projeto foram consideradas durante a fase de cria\u00e7\u00e3o da estrutura de forma\u00e7\u00e3o final a fim de responder \u00e0 qualidade e \u00e0s expectativas dos benefici\u00e1rios do projeto. Al\u00e9m disso, ao envolver peritos e outros <em>stakeholders<\/em> relevantes, a parceria aprendeu li\u00e7\u00f5es valiosas sobre o assunto:<\/p>\n\n\n\n<ul class=\"wp-block-list\">\n<li>Existe uma clara falta de forma\u00e7\u00e3o e de iniciativas de sensibiliza\u00e7\u00e3o para a preven\u00e7\u00e3o e auto-protec\u00e7\u00e3o dos inc\u00eandios florestais, especialmente nas zonas rurais;<\/li>\n\n\n\n<li>as limita\u00e7\u00f5es enfrentadas pelos bombeiros relativamente \u00e0 falta de conhecimento sobre as leis locais e procedimentos de preven\u00e7\u00e3o de inc\u00eandios florestais na popula\u00e7\u00e3o em geral, bem como a falta de informa\u00e7\u00e3o comunicada nas zonas rurais;<\/li>\n\n\n\n<li>a vontade das gera\u00e7\u00f5es mais novas e mais idosas de aprenderem sobre a preven\u00e7\u00e3o de inc\u00eandios florestais e como se podem autoproteger a fim de para preservar o ambiente, salvar vidas e facilitar o papel dos bombeiros; e<\/li>\n\n\n\n<li>os temas mais fundamentais que devem ser abordados no m\u00f3dulo de forma\u00e7\u00e3o que ser\u00e1 desenvolvidos na pr\u00f3xima fase do projeto.<\/li>\n<\/ul>\n\n\n\n<p>Considerando os dados recolhidos durante as atividades e a valida\u00e7\u00e3o e envolvimento de peritos, a parceria est\u00e1 convencida de que o m\u00f3dulo de forma\u00e7\u00e3o que ser\u00e1 desenvolvido apoiar\u00e1 a transfer\u00eancia de conhecimentos e compet\u00eancias para as popula\u00e7\u00f5es rurais a fim de aumentar a sua seguran\u00e7a, indo assim ao encontro dos objetivos do projeto.<\/p>\n\n\n\n<p>N\u00e3o se esque\u00e7a tamb\u00e9m de subscrever a nossa newsletter.<\/p>\n\n\n\n<p>Siga-nos no <a href=\"https:\/\/www.facebook.com\/ForestFireProtectionProject\" target=\"_blank\" rel=\"noreferrer noopener\">Facebook<\/a> e <a href=\"https:\/\/www.youtube.com\/channel\/UCPyJGsd_hGSS9hHYEcnIjng\/\" target=\"_blank\" rel=\"noreferrer noopener\">Youtube<\/a>. Por fim, n\u00e3o hesite em <a href=\"https:\/\/forestfireprotection.com\/pt\/contactos\/\" target=\"_blank\" rel=\"noreferrer noopener\">contactar-nos<\/a>.<\/p>\n","protected":false},"excerpt":{"rendered":"<p>Neste artigo, intitulado \u201cSum\u00e1rio Executivo\u201d, a parceria do projeto apresenta o Quadro de Forma\u00e7\u00e3o do Projeto FFP. A parceria do projeto \u00e9 constitu\u00edda por: L4Y&#8230;<\/p>\n","protected":false},"author":1,"featured_media":780,"comment_status":"open","ping_status":"open","sticky":false,"template":"","format":"standard","meta":{"footnotes":""},"categories":[22],"tags":[],"class_list":["post-784","post","type-post","status-publish","format-standard","has-post-thumbnail","hentry","category-e1"],"yoast_head":"<!-- This site is optimized with the Yoast SEO plugin v21.7 - https:\/\/yoast.com\/wordpress\/plugins\/seo\/ -->\n<title>Resumo Executivo dos Inc\u00eandios Florestais - Prote\u00e7\u00e3o contra inc\u00eandios florestais<\/title>\n<meta name=\"description\" content=\"Pode descarregar o relat\u00f3rio completo do Resultado 1,\u201d R1 - FFP Quadro de Forma\u00e7\u00e3o\u201d, aqui. Alternativamente, pode aceder ao Sum\u00e1rio ...\" \/>\n<meta name=\"robots\" content=\"index, follow, max-snippet:-1, max-image-preview:large, max-video-preview:-1\" \/>\n<link rel=\"canonical\" href=\"https:\/\/forestfireprotection.com\/pt\/resumo-executivo-dos-incendios-florestais\/\" \/>\n<meta property=\"og:locale\" content=\"pt_PT\" \/>\n<meta property=\"og:type\" content=\"article\" \/>\n<meta property=\"og:title\" content=\"Resumo Executivo dos Inc\u00eandios Florestais - Prote\u00e7\u00e3o contra inc\u00eandios florestais\" \/>\n<meta property=\"og:description\" content=\"Pode descarregar o relat\u00f3rio completo do Resultado 1,\u201d R1 - FFP Quadro de Forma\u00e7\u00e3o\u201d, aqui. Alternativamente, pode aceder ao Sum\u00e1rio ...\" \/>\n<meta property=\"og:url\" content=\"https:\/\/forestfireprotection.com\/pt\/resumo-executivo-dos-incendios-florestais\/\" \/>\n<meta property=\"og:site_name\" content=\"Prote\u00e7\u00e3o contra inc\u00eandios florestais\" \/>\n<meta property=\"article:published_time\" content=\"2022-11-22T22:02:06+00:00\" \/>\n<meta property=\"article:modified_time\" content=\"2023-11-19T21:57:55+00:00\" \/>\n<meta property=\"og:image\" content=\"https:\/\/forestfireprotection.com\/pt\/wp-content\/uploads\/2022\/11\/Forest-Fire-Training-Framework-1.jpg\" \/>\n\t<meta property=\"og:image:width\" content=\"1280\" \/>\n\t<meta property=\"og:image:height\" content=\"904\" \/>\n\t<meta property=\"og:image:type\" content=\"image\/jpeg\" \/>\n<meta name=\"author\" content=\"ffpPTadmin\" \/>\n<meta name=\"twitter:card\" content=\"summary_large_image\" \/>\n<meta name=\"twitter:label1\" content=\"Escrito por\" \/>\n\t<meta name=\"twitter:data1\" content=\"ffpPTadmin\" \/>\n\t<meta name=\"twitter:label2\" content=\"Tempo estimado de leitura\" \/>\n\t<meta name=\"twitter:data2\" content=\"6 minutos\" \/>\n<script type=\"application\/ld+json\" class=\"yoast-schema-graph\">{\"@context\":\"https:\/\/schema.org\",\"@graph\":[{\"@type\":\"WebPage\",\"@id\":\"https:\/\/forestfireprotection.com\/pt\/resumo-executivo-dos-incendios-florestais\/\",\"url\":\"https:\/\/forestfireprotection.com\/pt\/resumo-executivo-dos-incendios-florestais\/\",\"name\":\"Resumo Executivo dos Inc\u00eandios Florestais - Prote\u00e7\u00e3o contra inc\u00eandios florestais\",\"isPartOf\":{\"@id\":\"https:\/\/forestfireprotection.com\/pt\/#website\"},\"datePublished\":\"2022-11-22T22:02:06+00:00\",\"dateModified\":\"2023-11-19T21:57:55+00:00\",\"author\":{\"@id\":\"https:\/\/forestfireprotection.com\/pt\/#\/schema\/person\/cc49f06e47a8964fe641623e1adba872\"},\"description\":\"Pode descarregar o relat\u00f3rio completo do Resultado 1,\u201d R1 - FFP Quadro de Forma\u00e7\u00e3o\u201d, aqui. Alternativamente, pode aceder ao Sum\u00e1rio ...\",\"breadcrumb\":{\"@id\":\"https:\/\/forestfireprotection.com\/pt\/resumo-executivo-dos-incendios-florestais\/#breadcrumb\"},\"inLanguage\":\"pt-PT\",\"potentialAction\":[{\"@type\":\"ReadAction\",\"target\":[\"https:\/\/forestfireprotection.com\/pt\/resumo-executivo-dos-incendios-florestais\/\"]}]},{\"@type\":\"BreadcrumbList\",\"@id\":\"https:\/\/forestfireprotection.com\/pt\/resumo-executivo-dos-incendios-florestais\/#breadcrumb\",\"itemListElement\":[{\"@type\":\"ListItem\",\"position\":1,\"name\":\"Home\",\"item\":\"https:\/\/forestfireprotection.com\/pt\/\"},{\"@type\":\"ListItem\",\"position\":2,\"name\":\"Resumo Executivo dos Inc\u00eandios Florestais\"}]},{\"@type\":\"WebSite\",\"@id\":\"https:\/\/forestfireprotection.com\/pt\/#website\",\"url\":\"https:\/\/forestfireprotection.com\/pt\/\",\"name\":\"Prote\u00e7\u00e3o contra inc\u00eandios florestais\",\"description\":\"Autoprote\u00e7\u00e3o contra inc\u00eandios florestais\",\"potentialAction\":[{\"@type\":\"SearchAction\",\"target\":{\"@type\":\"EntryPoint\",\"urlTemplate\":\"https:\/\/forestfireprotection.com\/pt\/?s={search_term_string}\"},\"query-input\":\"required name=search_term_string\"}],\"inLanguage\":\"pt-PT\"},{\"@type\":\"Person\",\"@id\":\"https:\/\/forestfireprotection.com\/pt\/#\/schema\/person\/cc49f06e47a8964fe641623e1adba872\",\"name\":\"ffpPTadmin\",\"image\":{\"@type\":\"ImageObject\",\"inLanguage\":\"pt-PT\",\"@id\":\"https:\/\/forestfireprotection.com\/pt\/#\/schema\/person\/image\/\",\"url\":\"https:\/\/secure.gravatar.com\/avatar\/96789e5dc1575e379997596a9db6bc8c3906eb5695326574e756f962133a4bac?s=96&d=mm&r=g\",\"contentUrl\":\"https:\/\/secure.gravatar.com\/avatar\/96789e5dc1575e379997596a9db6bc8c3906eb5695326574e756f962133a4bac?s=96&d=mm&r=g\",\"caption\":\"ffpPTadmin\"},\"sameAs\":[\"https:\/\/forestfireprotection.com\/pt\"],\"url\":\"https:\/\/forestfireprotection.com\/pt\/author\/ffpptadmin\/\"}]}<\/script>\n<!-- \/ Yoast SEO plugin. -->","yoast_head_json":{"title":"Resumo Executivo dos Inc\u00eandios Florestais - Prote\u00e7\u00e3o contra inc\u00eandios florestais","description":"Pode descarregar o relat\u00f3rio completo do Resultado 1,\u201d R1 - FFP Quadro de Forma\u00e7\u00e3o\u201d, aqui. Alternativamente, pode aceder ao Sum\u00e1rio ...","robots":{"index":"index","follow":"follow","max-snippet":"max-snippet:-1","max-image-preview":"max-image-preview:large","max-video-preview":"max-video-preview:-1"},"canonical":"https:\/\/forestfireprotection.com\/pt\/resumo-executivo-dos-incendios-florestais\/","og_locale":"pt_PT","og_type":"article","og_title":"Resumo Executivo dos Inc\u00eandios Florestais - Prote\u00e7\u00e3o contra inc\u00eandios florestais","og_description":"Pode descarregar o relat\u00f3rio completo do Resultado 1,\u201d R1 - FFP Quadro de Forma\u00e7\u00e3o\u201d, aqui. Alternativamente, pode aceder ao Sum\u00e1rio ...","og_url":"https:\/\/forestfireprotection.com\/pt\/resumo-executivo-dos-incendios-florestais\/","og_site_name":"Prote\u00e7\u00e3o contra inc\u00eandios florestais","article_published_time":"2022-11-22T22:02:06+00:00","article_modified_time":"2023-11-19T21:57:55+00:00","og_image":[{"width":1280,"height":904,"url":"https:\/\/forestfireprotection.com\/pt\/wp-content\/uploads\/2022\/11\/Forest-Fire-Training-Framework-1.jpg","type":"image\/jpeg"}],"author":"ffpPTadmin","twitter_card":"summary_large_image","twitter_misc":{"Escrito por":"ffpPTadmin","Tempo estimado de leitura":"6 minutos"},"schema":{"@context":"https:\/\/schema.org","@graph":[{"@type":"WebPage","@id":"https:\/\/forestfireprotection.com\/pt\/resumo-executivo-dos-incendios-florestais\/","url":"https:\/\/forestfireprotection.com\/pt\/resumo-executivo-dos-incendios-florestais\/","name":"Resumo Executivo dos Inc\u00eandios Florestais - Prote\u00e7\u00e3o contra inc\u00eandios florestais","isPartOf":{"@id":"https:\/\/forestfireprotection.com\/pt\/#website"},"datePublished":"2022-11-22T22:02:06+00:00","dateModified":"2023-11-19T21:57:55+00:00","author":{"@id":"https:\/\/forestfireprotection.com\/pt\/#\/schema\/person\/cc49f06e47a8964fe641623e1adba872"},"description":"Pode descarregar o relat\u00f3rio completo do Resultado 1,\u201d R1 - FFP Quadro de Forma\u00e7\u00e3o\u201d, aqui. Alternativamente, pode aceder ao Sum\u00e1rio ...","breadcrumb":{"@id":"https:\/\/forestfireprotection.com\/pt\/resumo-executivo-dos-incendios-florestais\/#breadcrumb"},"inLanguage":"pt-PT","potentialAction":[{"@type":"ReadAction","target":["https:\/\/forestfireprotection.com\/pt\/resumo-executivo-dos-incendios-florestais\/"]}]},{"@type":"BreadcrumbList","@id":"https:\/\/forestfireprotection.com\/pt\/resumo-executivo-dos-incendios-florestais\/#breadcrumb","itemListElement":[{"@type":"ListItem","position":1,"name":"Home","item":"https:\/\/forestfireprotection.com\/pt\/"},{"@type":"ListItem","position":2,"name":"Resumo Executivo dos Inc\u00eandios Florestais"}]},{"@type":"WebSite","@id":"https:\/\/forestfireprotection.com\/pt\/#website","url":"https:\/\/forestfireprotection.com\/pt\/","name":"Prote\u00e7\u00e3o contra inc\u00eandios florestais","description":"Autoprote\u00e7\u00e3o contra inc\u00eandios florestais","potentialAction":[{"@type":"SearchAction","target":{"@type":"EntryPoint","urlTemplate":"https:\/\/forestfireprotection.com\/pt\/?s={search_term_string}"},"query-input":"required name=search_term_string"}],"inLanguage":"pt-PT"},{"@type":"Person","@id":"https:\/\/forestfireprotection.com\/pt\/#\/schema\/person\/cc49f06e47a8964fe641623e1adba872","name":"ffpPTadmin","image":{"@type":"ImageObject","inLanguage":"pt-PT","@id":"https:\/\/forestfireprotection.com\/pt\/#\/schema\/person\/image\/","url":"https:\/\/secure.gravatar.com\/avatar\/96789e5dc1575e379997596a9db6bc8c3906eb5695326574e756f962133a4bac?s=96&d=mm&r=g","contentUrl":"https:\/\/secure.gravatar.com\/avatar\/96789e5dc1575e379997596a9db6bc8c3906eb5695326574e756f962133a4bac?s=96&d=mm&r=g","caption":"ffpPTadmin"},"sameAs":["https:\/\/forestfireprotection.com\/pt"],"url":"https:\/\/forestfireprotection.com\/pt\/author\/ffpptadmin\/"}]}},"_links":{"self":[{"href":"https:\/\/forestfireprotection.com\/pt\/wp-json\/wp\/v2\/posts\/784","targetHints":{"allow":["GET"]}}],"collection":[{"href":"https:\/\/forestfireprotection.com\/pt\/wp-json\/wp\/v2\/posts"}],"about":[{"href":"https:\/\/forestfireprotection.com\/pt\/wp-json\/wp\/v2\/types\/post"}],"author":[{"embeddable":true,"href":"https:\/\/forestfireprotection.com\/pt\/wp-json\/wp\/v2\/users\/1"}],"replies":[{"embeddable":true,"href":"https:\/\/forestfireprotection.com\/pt\/wp-json\/wp\/v2\/comments?post=784"}],"version-history":[{"count":1,"href":"https:\/\/forestfireprotection.com\/pt\/wp-json\/wp\/v2\/posts\/784\/revisions"}],"predecessor-version":[{"id":785,"href":"https:\/\/forestfireprotection.com\/pt\/wp-json\/wp\/v2\/posts\/784\/revisions\/785"}],"wp:featuredmedia":[{"embeddable":true,"href":"https:\/\/forestfireprotection.com\/pt\/wp-json\/wp\/v2\/media\/780"}],"wp:attachment":[{"href":"https:\/\/forestfireprotection.com\/pt\/wp-json\/wp\/v2\/media?parent=784"}],"wp:term":[{"taxonomy":"category","embeddable":true,"href":"https:\/\/forestfireprotection.com\/pt\/wp-json\/wp\/v2\/categories?post=784"},{"taxonomy":"post_tag","embeddable":true,"href":"https:\/\/forestfireprotection.com\/pt\/wp-json\/wp\/v2\/tags?post=784"}],"curies":[{"name":"wp","href":"https:\/\/api.w.org\/{rel}","templated":true}]}}