{"id":7,"count":1,"description":"Este resultado consiste num estudo de impacto a m\u00e9dio prazo da forma\u00e7\u00e3o de Protec\u00e7\u00e3o de Inc\u00eandios Florestais sobre a prontid\u00e3o e a resist\u00eancia das popula\u00e7\u00f5es rurais contra os inc\u00eandios florestais. Incluir\u00e1 um aumento da forma\u00e7\u00e3o desenvolvida no Resultado 2, seguido de uma avalia\u00e7\u00e3o de impacto a m\u00e9dio prazo durante uma \u00e9poca de inc\u00eandios florestais, e uma publica\u00e7\u00e3o final concluir\u00e1 o estudo ap\u00f3s a sua conclus\u00e3o. Pelo menos 240 adultos de pelo menos 24 comunidades locais diferentes ser\u00e3o envolvidos neste estudo. Receber\u00e3o o pacote de forma\u00e7\u00e3o de ForestFireProtection como actividade de amplia\u00e7\u00e3o da forma\u00e7\u00e3o. Os parceiros controlar\u00e3o a sua resili\u00eancia e prontid\u00e3o contra inc\u00eandios florestais durante toda a \u00e9poca de inc\u00eandios (5 meses). Os resultados deste estudo ser\u00e3o compilados numa publica\u00e7\u00e3o final divulgada aos decisores pol\u00edticos e \u00e0 imprensa.","link":"https:\/\/forestfireprotection.com\/pt\/category\/r3\/","name":"R3-Impacto a m\u00e9dio prazo","slug":"r3","taxonomy":"category","parent":0,"meta":[],"yoast_head":"<!-- This site is optimized with the Yoast SEO plugin v21.7 - https:\/\/yoast.com\/wordpress\/plugins\/seo\/ -->\n<title>R3-Impacto a m\u00e9dio prazo Archives - Prote\u00e7\u00e3o contra inc\u00eandios florestais<\/title>\n<meta name=\"robots\" content=\"index, follow, max-snippet:-1, max-image-preview:large, max-video-preview:-1\" \/>\n<link rel=\"canonical\" href=\"https:\/\/forestfireprotection.com\/pt\/category\/r3\/\" \/>\n<meta property=\"og:locale\" content=\"pt_PT\" \/>\n<meta property=\"og:type\" content=\"article\" \/>\n<meta property=\"og:title\" content=\"R3-Impacto a m\u00e9dio prazo Archives - Prote\u00e7\u00e3o contra inc\u00eandios florestais\" \/>\n<meta property=\"og:description\" content=\"Este resultado consiste num estudo de impacto a m\u00e9dio prazo da forma\u00e7\u00e3o de Protec\u00e7\u00e3o de Inc\u00eandios Florestais sobre a prontid\u00e3o e a resist\u00eancia das popula\u00e7\u00f5es rurais contra os inc\u00eandios florestais. Incluir\u00e1 um aumento da forma\u00e7\u00e3o desenvolvida no Resultado 2, seguido de uma avalia\u00e7\u00e3o de impacto a m\u00e9dio prazo durante uma \u00e9poca de inc\u00eandios florestais, e uma publica\u00e7\u00e3o final concluir\u00e1 o estudo ap\u00f3s a sua conclus\u00e3o. Pelo menos 240 adultos de pelo menos 24 comunidades locais diferentes ser\u00e3o envolvidos neste estudo. Receber\u00e3o o pacote de forma\u00e7\u00e3o de ForestFireProtection como actividade de amplia\u00e7\u00e3o da forma\u00e7\u00e3o. Os parceiros controlar\u00e3o a sua resili\u00eancia e prontid\u00e3o contra inc\u00eandios florestais durante toda a \u00e9poca de inc\u00eandios (5 meses). Os resultados deste estudo ser\u00e3o compilados numa publica\u00e7\u00e3o final divulgada aos decisores pol\u00edticos e \u00e0 imprensa.\" \/>\n<meta property=\"og:url\" content=\"https:\/\/forestfireprotection.com\/pt\/category\/r3\/\" \/>\n<meta property=\"og:site_name\" content=\"Prote\u00e7\u00e3o contra inc\u00eandios florestais\" \/>\n<meta name=\"twitter:card\" content=\"summary_large_image\" \/>\n<script type=\"application\/ld+json\" class=\"yoast-schema-graph\">{\"@context\":\"https:\/\/schema.org\",\"@graph\":[{\"@type\":\"CollectionPage\",\"@id\":\"https:\/\/forestfireprotection.com\/pt\/category\/r3\/\",\"url\":\"https:\/\/forestfireprotection.com\/pt\/category\/r3\/\",\"name\":\"R3-Impacto a m\u00e9dio prazo Archives - Prote\u00e7\u00e3o contra inc\u00eandios florestais\",\"isPartOf\":{\"@id\":\"https:\/\/forestfireprotection.com\/pt\/#website\"},\"breadcrumb\":{\"@id\":\"https:\/\/forestfireprotection.com\/pt\/category\/r3\/#breadcrumb\"},\"inLanguage\":\"pt-PT\"},{\"@type\":\"BreadcrumbList\",\"@id\":\"https:\/\/forestfireprotection.com\/pt\/category\/r3\/#breadcrumb\",\"itemListElement\":[{\"@type\":\"ListItem\",\"position\":1,\"name\":\"Home\",\"item\":\"https:\/\/forestfireprotection.com\/pt\/\"},{\"@type\":\"ListItem\",\"position\":2,\"name\":\"R3-Impacto a m\u00e9dio prazo\"}]},{\"@type\":\"WebSite\",\"@id\":\"https:\/\/forestfireprotection.com\/pt\/#website\",\"url\":\"https:\/\/forestfireprotection.com\/pt\/\",\"name\":\"Prote\u00e7\u00e3o contra inc\u00eandios florestais\",\"description\":\"Autoprote\u00e7\u00e3o contra inc\u00eandios florestais\",\"potentialAction\":[{\"@type\":\"SearchAction\",\"target\":{\"@type\":\"EntryPoint\",\"urlTemplate\":\"https:\/\/forestfireprotection.com\/pt\/?s={search_term_string}\"},\"query-input\":\"required name=search_term_string\"}],\"inLanguage\":\"pt-PT\"}]}<\/script>\n<!-- \/ Yoast SEO plugin. -->","yoast_head_json":{"title":"R3-Impacto a m\u00e9dio prazo Archives - Prote\u00e7\u00e3o contra inc\u00eandios florestais","robots":{"index":"index","follow":"follow","max-snippet":"max-snippet:-1","max-image-preview":"max-image-preview:large","max-video-preview":"max-video-preview:-1"},"canonical":"https:\/\/forestfireprotection.com\/pt\/category\/r3\/","og_locale":"pt_PT","og_type":"article","og_title":"R3-Impacto a m\u00e9dio prazo Archives - Prote\u00e7\u00e3o contra inc\u00eandios florestais","og_description":"Este resultado consiste num estudo de impacto a m\u00e9dio prazo da forma\u00e7\u00e3o de Protec\u00e7\u00e3o de Inc\u00eandios Florestais sobre a prontid\u00e3o e a resist\u00eancia das popula\u00e7\u00f5es rurais contra os inc\u00eandios florestais. Incluir\u00e1 um aumento da forma\u00e7\u00e3o desenvolvida no Resultado 2, seguido de uma avalia\u00e7\u00e3o de impacto a m\u00e9dio prazo durante uma \u00e9poca de inc\u00eandios florestais, e uma publica\u00e7\u00e3o final concluir\u00e1 o estudo ap\u00f3s a sua conclus\u00e3o. Pelo menos 240 adultos de pelo menos 24 comunidades locais diferentes ser\u00e3o envolvidos neste estudo. Receber\u00e3o o pacote de forma\u00e7\u00e3o de ForestFireProtection como actividade de amplia\u00e7\u00e3o da forma\u00e7\u00e3o. Os parceiros controlar\u00e3o a sua resili\u00eancia e prontid\u00e3o contra inc\u00eandios florestais durante toda a \u00e9poca de inc\u00eandios (5 meses). Os resultados deste estudo ser\u00e3o compilados numa publica\u00e7\u00e3o final divulgada aos decisores pol\u00edticos e \u00e0 imprensa.","og_url":"https:\/\/forestfireprotection.com\/pt\/category\/r3\/","og_site_name":"Prote\u00e7\u00e3o contra inc\u00eandios florestais","twitter_card":"summary_large_image","schema":{"@context":"https:\/\/schema.org","@graph":[{"@type":"CollectionPage","@id":"https:\/\/forestfireprotection.com\/pt\/category\/r3\/","url":"https:\/\/forestfireprotection.com\/pt\/category\/r3\/","name":"R3-Impacto a m\u00e9dio prazo Archives - Prote\u00e7\u00e3o contra inc\u00eandios florestais","isPartOf":{"@id":"https:\/\/forestfireprotection.com\/pt\/#website"},"breadcrumb":{"@id":"https:\/\/forestfireprotection.com\/pt\/category\/r3\/#breadcrumb"},"inLanguage":"pt-PT"},{"@type":"BreadcrumbList","@id":"https:\/\/forestfireprotection.com\/pt\/category\/r3\/#breadcrumb","itemListElement":[{"@type":"ListItem","position":1,"name":"Home","item":"https:\/\/forestfireprotection.com\/pt\/"},{"@type":"ListItem","position":2,"name":"R3-Impacto a m\u00e9dio prazo"}]},{"@type":"WebSite","@id":"https:\/\/forestfireprotection.com\/pt\/#website","url":"https:\/\/forestfireprotection.com\/pt\/","name":"Prote\u00e7\u00e3o contra inc\u00eandios florestais","description":"Autoprote\u00e7\u00e3o contra inc\u00eandios florestais","potentialAction":[{"@type":"SearchAction","target":{"@type":"EntryPoint","urlTemplate":"https:\/\/forestfireprotection.com\/pt\/?s={search_term_string}"},"query-input":"required name=search_term_string"}],"inLanguage":"pt-PT"}]}},"_links":{"self":[{"href":"https:\/\/forestfireprotection.com\/pt\/wp-json\/wp\/v2\/categories\/7","targetHints":{"allow":["GET"]}}],"collection":[{"href":"https:\/\/forestfireprotection.com\/pt\/wp-json\/wp\/v2\/categories"}],"about":[{"href":"https:\/\/forestfireprotection.com\/pt\/wp-json\/wp\/v2\/taxonomies\/category"}],"wp:post_type":[{"href":"https:\/\/forestfireprotection.com\/pt\/wp-json\/wp\/v2\/posts?categories=7"}],"curies":[{"name":"wp","href":"https:\/\/api.w.org\/{rel}","templated":true}]}}