{"id":904,"date":"2022-02-03T19:39:07","date_gmt":"2022-02-03T19:39:07","guid":{"rendered":"https:\/\/forestfireprotection.com\/de\/?p=904"},"modified":"2022-04-10T16:08:01","modified_gmt":"2022-04-10T16:08:01","slug":"auftaktveranstaltung","status":"publish","type":"post","link":"https:\/\/forestfireprotection.com\/de\/auftaktveranstaltung\/","title":{"rendered":"Auftaktveranstaltung des FFP Projekts"},"content":{"rendered":"\n<p>Der Artikel &#8222;Auftaktveranstaltung des Forest Fire Protection Projekts&#8220; berichtet \u00fcber das erste Transnationale Projekttreffen (TPM) des von Erasmus+ gef\u00f6rderten <a href=\"https:\/\/forestfireprotection.com\/de\/waldbrand-selbstschutz\/\">Projekts<\/a><\/p>\n\n\n\n<div class=\"wp-block-media-text alignwide is-stacked-on-mobile\"><figure class=\"wp-block-media-text__media\"><img decoding=\"async\" width=\"1024\" height=\"215\" src=\"https:\/\/forestfireprotection.com\/de\/wp-content\/themes\/veen\/assets\/images\/transparent.gif\" data-lazy=\"true\" data-src=\"https:\/\/forestfireprotection.com\/de\/wp-content\/uploads\/2022\/02\/DE-Kofinanziert-von-der-Europ\u201eischen-Union_POS-1024x215.png\" alt=\"\" class=\"wp-image-935 size-full\" data-srcset=\"https:\/\/forestfireprotection.com\/de\/wp-content\/uploads\/2022\/02\/DE-Kofinanziert-von-der-Europ\u201eischen-Union_POS-1024x215.png 1024w, https:\/\/forestfireprotection.com\/de\/wp-content\/uploads\/2022\/02\/DE-Kofinanziert-von-der-Europ\u201eischen-Union_POS-300x63.png 300w, https:\/\/forestfireprotection.com\/de\/wp-content\/uploads\/2022\/02\/DE-Kofinanziert-von-der-Europ\u201eischen-Union_POS-768x161.png 768w, https:\/\/forestfireprotection.com\/de\/wp-content\/uploads\/2022\/02\/DE-Kofinanziert-von-der-Europ\u201eischen-Union_POS-1536x322.png 1536w, https:\/\/forestfireprotection.com\/de\/wp-content\/uploads\/2022\/02\/DE-Kofinanziert-von-der-Europ\u201eischen-Union_POS-2048x430.png 2048w, https:\/\/forestfireprotection.com\/de\/wp-content\/uploads\/2022\/02\/DE-Kofinanziert-von-der-Europ\u201eischen-Union_POS-100x21.png 100w, https:\/\/forestfireprotection.com\/de\/wp-content\/uploads\/2022\/02\/DE-Kofinanziert-von-der-Europ\u201eischen-Union_POS-700x147.png 700w, https:\/\/forestfireprotection.com\/de\/wp-content\/uploads\/2022\/02\/DE-Kofinanziert-von-der-Europ\u201eischen-Union_POS-1600x336.png 1600w\" data-sizes=\"(max-width: 1024px) 100vw, 1024px\" \/><\/figure><div class=\"wp-block-media-text__content\">\n<blockquote class=\"wp-block-quote is-layout-flow wp-block-quote-is-layout-flow\"><p>Die Unterst\u00fctzung der Europ\u00e4ischen Kommission f\u00fcr die Erstellung dieses Inhalts stellt keine Billigung des Inhalts dar, der ausschlie\u00dflich die Meinung der Autoren wiedergibt, und die Kommission kann nicht f\u00fcr die Verwendung der darin enthaltenen Informationen verantwortlich gemacht werden.<\/p><cite><a href=\"https:\/\/erasmus-plus.ec.europa.eu\/\" target=\"_blank\" rel=\"noreferrer noopener\">Erasmus+<\/a><\/cite><\/blockquote>\n<\/div><\/div>\n\n\n\n<p class=\"has-pale-red-background-color has-pale-cyan-blue-background-color has-background\"><strong>Inhalt<\/strong><\/p>\n\n\n\n<p class=\"has-pale-cyan-blue-background-color has-background\" id=\"Core\"><a href=\"#Vorbereitungen\">Vorbereitungen<\/a><br><a href=\"#Aufgaben des Koordinators\">Aufgaben des Koordinators<\/a><br><a href=\"#agenda\">Agenda der Sitzung<\/a><br><a href=\"#Zusammenfassung\">Zusammenfassung<\/a><\/p>\n\n\n\n<h2 class=\"wp-block-heading\" id=\"auftaktveranstaltung-vorbereitungen\">Auftaktveranstaltung: Vorbereitungen<\/h2>\n\n\n\n<p>Als Newcomer-Organisation wissen wir, dass ein Beitrag wie dieser jedenefalls anderen neuen Akteuren in diesem Bereich helfen wird. Betrachten Sie danach jedes Feedback, jeden Kommentar in diesem Beitrag mit den Augen einer naiven Organisation.<br>Anschlie\u00dfend sollten wir Vorbereitungen \u00fcberpr\u00fcfen;<\/p>\n\n\n\n<p>Diese Auftaktveranstaltung ist die erste formelle Sitzung des Projekts.<\/p>\n\n\n\n<p>Was ist bis jetzt passiert? Wir trafen uns erst vor einigen Wochen informell, um uns gegenseitig kennenzulernen und sicherzustellen, dass jeder jedenfalls seine Rolle und Aufgaben versteht.<\/p>\n\n\n\n<p> Wir haben zum Beispiel durch E-Mails und informelle Meetings \u00fcber die Tools entschieden:<\/p>\n\n\n\n<ul class=\"wp-block-list\"><li>Projektkommunikationsplattform wie Slack.<\/li><li>Struktur, Thema und Verwaltung der Webseite.<\/li><li>Als Partner forderten wir die Doodle-Anwendung sicherlich, um die beste Zeit f\u00fcr alle Partner zu finden. Es ist trotzdem nicht einfach, eine Zeit f\u00fcr eine Gruppe von Menschen zu organisieren. Wir haben deshalb dreimal versucht, eine geeignete Zeit zu finden.<\/li><\/ul>\n\n\n\n<p>Pr\u00fcfen Sie zur Klarstellung, was die Partner als Vorbereitung tun werden:<\/p>\n\n\n\n<ul class=\"wp-block-list\"><li>Ihre Organisation vorbereiten und vorstellen (einschlie\u00dflich Ihrer Aufgaben und Rolle in diesem speziellen Projekt).<\/li><li>Bereiten Sie vor allem ein Workpackage vor, wenn Sie bald mit einem solchen betraut sind.<\/li><li>Senden Sie bald Ihr Logo an den Koordinator (ein transparenter Hintergrund ist f\u00fcr Grafiker sehr hilfreich).<\/li><li>\u00dcbermitteln Sie Kontaktinformationen, Website und Links zu sozialen Medien Ihrer Organisation.<\/li><li>In der Sitzung bereit sein.<\/li><\/ul>\n\n\n\n<h2 class=\"wp-block-heading\" id=\"aufgaben-des-koordinators\">Aufgaben des Koordinators<\/h2>\n\n\n\n<p>F\u00fcr uns, <a href=\"https:\/\/learningforyouth.com\" target=\"_blank\" rel=\"noreferrer noopener\">L4Y<\/a>, ist es das erste KA2-Projekt und das erste Kickoff-Meeting. Trotz der von uns in der T\u00fcrkei bereits gesammelten Erfahrungen, sind KA2-Projekte ganz anders als KA1-Projekte. Jedoch, haben wir trotzdem das Gl\u00fcck, ein Projekt zu koordinieren, das von erfahrenen Organisationen durchgef\u00fchrt wird. Kurz gesagt, hier sind Aufgabenliste;<\/p>\n\n\n\n<ul class=\"wp-block-list\"><li>Vorbereitung der Tagesordnung f\u00fcr die Sitzung,<\/li><li>Ein Doodle organisieren, um den besten Zeitpunkt zu vereinbaren.<\/li><li>Ist der Termin f\u00fcr das Treffen festgelegt, informieren Sie die Partner per E-Mail und auf Slack.<\/li><li>handelt es sich um ein Online-Treffen, klicken Sie auf einen Meeting-Link (wir haben Google Meeting verwendet) und teilen Sie ihn ebenso. Andernfalls m\u00fcssen Sie Vorkehrungen treffen.<\/li><li>Bereiten Sie sowohl eine gedruckte als auch eine digitale einseitige Notiz vor, die alle Informationen des Treffens enth\u00e4lt. <\/li><li>Beachten Sie die Zeit w\u00e4hrend des Meetings.<\/li><li>Eines der Teammitglieder die Sitzung moderiert.<\/li><li>Fotos\/Videos als Beweise machen. Bei Pr\u00e4senzveranstaltungen ist eine Anwesenheitsliste erforderlich.<\/li><li>Erstellung und Ausgabe einer Teilnahmebescheinigung f\u00fcr jeden Teilnehmer.<\/li><li>Vorbereitung der Partnervereinbarung (PA)<\/li><li>und Timesheets des arbeitenden Personals jeden Monat unter Ber\u00fccksichtigung der Wochenenden.<\/li><\/ul>\n\n\n\n<h2 class=\"wp-block-heading\" id=\"meeting-agenda\">Meeting Agenda<\/h2>\n\n\n\n<p>Die Sitzung begann mit der Begr\u00fc\u00dfung durch den Koordinator.<\/p>\n\n\n\n<ul class=\"wp-block-list\"><li>Er\u00f6ffnung: Zur Kl\u00e4rung der Sitzungsregeln; L4Y hielt die Er\u00f6ffnungsrede<\/li><li>Pr\u00e4sentationen der Partner: BOSEV, CESIE, CIP, Growth Coop, KMOP, L4Y, OVAR FORMA und SPEL hielten ihre Vortr\u00e4ge<\/li><li><a href=\"https:\/\/www.canva.com\/design\/DAE135iSX98\/avSdmpMem36iY2L5DdYEpg\/view?utm_content=DAE135iSX98&amp;utm_campaign=designshare&amp;utm_medium=link&amp;utm_source=publishpresent\" target=\"_blank\" rel=\"noreferrer noopener\">\u00dcberblick<\/a> \u00fcber das Projekt: (L4Y)<\/li><li>Kaffeepause.<\/li><li>Verwaltung: (SPEL)<\/li><li>Mittagspause.<\/li><li>Qualit\u00e4tssicherung und Bewertung (KMOP)<\/li><li>Kommunikation\/Verbreitung (Growth Coop)<\/li><li>Kaffeepause.<\/li><li>R1 ForestFireProtection &#8211; Trainingsrahmen (SPEL)<\/li><li><a href=\"https:\/\/www.canva.com\/design\/DAE3BLYvhGM\/5JQZ7ih5ItwknvhO5k5INw\/view?utm_content=DAE3BLYvhGM&amp;utm_campaign=designshare&amp;utm_medium=link&amp;utm_source=publishpresent\" target=\"_blank\" rel=\"noreferrer noopener\">Abschlie\u00dfende Kommentare<\/a>; To-do-Liste; N\u00e4chste Schritte<\/li><li>Schlie\u00dfung<\/li><\/ul>\n\n\n\n<h2 class=\"wp-block-heading\" id=\"auftaktveranstaltung-zusammenfassung\">Auftaktveranstaltung: Zusammenfassung<\/h2>\n\n\n\n<p>Zum Schluss l\u00e4sst sich sagen, dass Sie jedenfalls bei der Organisation eines Kickoff-Meetings viele verschiedene Herausforderungen ber\u00fccksichtigen m\u00fcssen. Wenn Sie als Team arbeiten und diszipliniert sind, k\u00f6nnen Sie es folglich schaffen. Vergessen Sie nicht, unseren Newsletter zu abonnieren. Au\u00dferdem k\u00f6nnen Sie diesen Artikel auf <a href=\"https:\/\/forestfireprotection.com\/blog\/kickoff-meeting\/\">Englisch<\/a> lesen. Z\u00f6gern Sie auch nicht, <a href=\"https:\/\/forestfireprotection.com\/de\/kontakt\/\" target=\"_blank\" rel=\"noreferrer noopener\">uns<\/a> zu kontaktieren.<\/p>\n","protected":false},"excerpt":{"rendered":"<p>Der Artikel &#8222;Auftaktveranstaltung des Forest Fire Protection Projekts&#8220; berichtet \u00fcber das erste Transnationale Projekttreffen (TPM) des von Erasmus+ gef\u00f6rderten Projekts Die Unterst\u00fctzung der Europ\u00e4ischen Kommission&#8230;<\/p>\n","protected":false},"author":1,"featured_media":954,"comment_status":"open","ping_status":"open","sticky":false,"template":"","format":"standard","meta":{"footnotes":""},"categories":[22],"tags":[],"class_list":["post-904","post","type-post","status-publish","format-standard","has-post-thumbnail","hentry","category-neuigkeiten"],"yoast_head":"<!-- This site is optimized with the Yoast SEO plugin v22.3 - https:\/\/yoast.com\/wordpress\/plugins\/seo\/ -->\n<title>Auftaktveranstaltung des FFP Projekts - Waldbrandschutz<\/title>\n<meta name=\"description\" content=\"Sowohl lehrreich als auch informativ von unserer Auftaktveranstaltung f\u00fcr neue Akteure von Erasmus+ Projekten.\" \/>\n<meta name=\"robots\" content=\"index, follow, max-snippet:-1, max-image-preview:large, max-video-preview:-1\" \/>\n<link rel=\"canonical\" href=\"https:\/\/forestfireprotection.com\/de\/auftaktveranstaltung\/\" \/>\n<meta property=\"og:locale\" content=\"de_DE\" \/>\n<meta property=\"og:type\" content=\"article\" \/>\n<meta property=\"og:title\" content=\"Auftaktveranstaltung des Forest Fire Protection Projekts\" \/>\n<meta property=\"og:description\" content=\"Sowohl lehrreich als auch informativ von unserer Auftaktveranstaltung f\u00fcr neue Akteure von Erasmus+ Projekten.\" \/>\n<meta property=\"og:url\" content=\"https:\/\/forestfireprotection.com\/de\/auftaktveranstaltung\/\" \/>\n<meta property=\"og:site_name\" content=\"Waldbrandschutz\" \/>\n<meta property=\"article:published_time\" content=\"2022-02-03T19:39:07+00:00\" \/>\n<meta property=\"article:modified_time\" content=\"2022-04-10T16:08:01+00:00\" \/>\n<meta name=\"author\" content=\"ffpDEadmin\" \/>\n<meta name=\"twitter:card\" content=\"summary_large_image\" \/>\n<meta name=\"twitter:title\" content=\"Auftaktveranstaltung des Forest Fire Protection Projekts\" \/>\n<meta name=\"twitter:description\" content=\"Sowohl lehrreich als auch informativ von unserer Auftaktveranstaltung f\u00fcr neue Akteure von Erasmus+ Projekten.\" \/>\n<meta name=\"twitter:label1\" content=\"Verfasst von\" \/>\n\t<meta name=\"twitter:data1\" content=\"ffpDEadmin\" \/>\n\t<meta name=\"twitter:label2\" content=\"Gesch\u00e4tzte Lesezeit\" \/>\n\t<meta name=\"twitter:data2\" content=\"4\u00a0Minuten\" \/>\n<script type=\"application\/ld+json\" class=\"yoast-schema-graph\">{\"@context\":\"https:\/\/schema.org\",\"@graph\":[{\"@type\":\"WebPage\",\"@id\":\"https:\/\/forestfireprotection.com\/de\/auftaktveranstaltung\/\",\"url\":\"https:\/\/forestfireprotection.com\/de\/auftaktveranstaltung\/\",\"name\":\"Auftaktveranstaltung des FFP Projekts - Waldbrandschutz\",\"isPartOf\":{\"@id\":\"https:\/\/forestfireprotection.com\/de\/#website\"},\"primaryImageOfPage\":{\"@id\":\"https:\/\/forestfireprotection.com\/de\/auftaktveranstaltung\/#primaryimage\"},\"image\":{\"@id\":\"https:\/\/forestfireprotection.com\/de\/auftaktveranstaltung\/#primaryimage\"},\"thumbnailUrl\":\"https:\/\/forestfireprotection.com\/de\/wp-content\/uploads\/2022\/04\/Auftaktveranstaltung.png\",\"datePublished\":\"2022-02-03T19:39:07+00:00\",\"dateModified\":\"2022-04-10T16:08:01+00:00\",\"author\":{\"@id\":\"https:\/\/forestfireprotection.com\/de\/#\/schema\/person\/c3c385bc9dc3cdd60bae393f29216f11\"},\"description\":\"Sowohl lehrreich als auch informativ von unserer Auftaktveranstaltung f\u00fcr neue Akteure von Erasmus+ Projekten.\",\"breadcrumb\":{\"@id\":\"https:\/\/forestfireprotection.com\/de\/auftaktveranstaltung\/#breadcrumb\"},\"inLanguage\":\"de\",\"potentialAction\":[{\"@type\":\"ReadAction\",\"target\":[\"https:\/\/forestfireprotection.com\/de\/auftaktveranstaltung\/\"]}]},{\"@type\":\"ImageObject\",\"inLanguage\":\"de\",\"@id\":\"https:\/\/forestfireprotection.com\/de\/auftaktveranstaltung\/#primaryimage\",\"url\":\"https:\/\/forestfireprotection.com\/de\/wp-content\/uploads\/2022\/04\/Auftaktveranstaltung.png\",\"contentUrl\":\"https:\/\/forestfireprotection.com\/de\/wp-content\/uploads\/2022\/04\/Auftaktveranstaltung.png\",\"width\":320,\"height\":170,\"caption\":\"Auftaktveranstaltung\"},{\"@type\":\"BreadcrumbList\",\"@id\":\"https:\/\/forestfireprotection.com\/de\/auftaktveranstaltung\/#breadcrumb\",\"itemListElement\":[{\"@type\":\"ListItem\",\"position\":1,\"name\":\"Home\",\"item\":\"https:\/\/forestfireprotection.com\/de\/\"},{\"@type\":\"ListItem\",\"position\":2,\"name\":\"Auftaktveranstaltung des FFP Projekts\"}]},{\"@type\":\"WebSite\",\"@id\":\"https:\/\/forestfireprotection.com\/de\/#website\",\"url\":\"https:\/\/forestfireprotection.com\/de\/\",\"name\":\"Waldbrandschutz\",\"description\":\"Waldbrandschutz: Selbstschutz gegen Waldbr\u00e4nde\",\"potentialAction\":[{\"@type\":\"SearchAction\",\"target\":{\"@type\":\"EntryPoint\",\"urlTemplate\":\"https:\/\/forestfireprotection.com\/de\/?s={search_term_string}\"},\"query-input\":\"required name=search_term_string\"}],\"inLanguage\":\"de\"},{\"@type\":\"Person\",\"@id\":\"https:\/\/forestfireprotection.com\/de\/#\/schema\/person\/c3c385bc9dc3cdd60bae393f29216f11\",\"name\":\"ffpDEadmin\",\"image\":{\"@type\":\"ImageObject\",\"inLanguage\":\"de\",\"@id\":\"https:\/\/forestfireprotection.com\/de\/#\/schema\/person\/image\/\",\"url\":\"https:\/\/secure.gravatar.com\/avatar\/96789e5dc1575e379997596a9db6bc8c3906eb5695326574e756f962133a4bac?s=96&d=mm&r=g\",\"contentUrl\":\"https:\/\/secure.gravatar.com\/avatar\/96789e5dc1575e379997596a9db6bc8c3906eb5695326574e756f962133a4bac?s=96&d=mm&r=g\",\"caption\":\"ffpDEadmin\"},\"sameAs\":[\"https:\/\/forestfireprotection.com\/de\"],\"url\":\"https:\/\/forestfireprotection.com\/de\/author\/ffpdeadmin\/\"}]}<\/script>\n<!-- \/ Yoast SEO plugin. -->","yoast_head_json":{"title":"Auftaktveranstaltung des FFP Projekts - Waldbrandschutz","description":"Sowohl lehrreich als auch informativ von unserer Auftaktveranstaltung f\u00fcr neue Akteure von Erasmus+ Projekten.","robots":{"index":"index","follow":"follow","max-snippet":"max-snippet:-1","max-image-preview":"max-image-preview:large","max-video-preview":"max-video-preview:-1"},"canonical":"https:\/\/forestfireprotection.com\/de\/auftaktveranstaltung\/","og_locale":"de_DE","og_type":"article","og_title":"Auftaktveranstaltung des Forest Fire Protection Projekts","og_description":"Sowohl lehrreich als auch informativ von unserer Auftaktveranstaltung f\u00fcr neue Akteure von Erasmus+ Projekten.","og_url":"https:\/\/forestfireprotection.com\/de\/auftaktveranstaltung\/","og_site_name":"Waldbrandschutz","article_published_time":"2022-02-03T19:39:07+00:00","article_modified_time":"2022-04-10T16:08:01+00:00","author":"ffpDEadmin","twitter_card":"summary_large_image","twitter_title":"Auftaktveranstaltung des Forest Fire Protection Projekts","twitter_description":"Sowohl lehrreich als auch informativ von unserer Auftaktveranstaltung f\u00fcr neue Akteure von Erasmus+ Projekten.","twitter_misc":{"Verfasst von":"ffpDEadmin","Gesch\u00e4tzte Lesezeit":"4\u00a0Minuten"},"schema":{"@context":"https:\/\/schema.org","@graph":[{"@type":"WebPage","@id":"https:\/\/forestfireprotection.com\/de\/auftaktveranstaltung\/","url":"https:\/\/forestfireprotection.com\/de\/auftaktveranstaltung\/","name":"Auftaktveranstaltung des FFP Projekts - Waldbrandschutz","isPartOf":{"@id":"https:\/\/forestfireprotection.com\/de\/#website"},"primaryImageOfPage":{"@id":"https:\/\/forestfireprotection.com\/de\/auftaktveranstaltung\/#primaryimage"},"image":{"@id":"https:\/\/forestfireprotection.com\/de\/auftaktveranstaltung\/#primaryimage"},"thumbnailUrl":"https:\/\/forestfireprotection.com\/de\/wp-content\/uploads\/2022\/04\/Auftaktveranstaltung.png","datePublished":"2022-02-03T19:39:07+00:00","dateModified":"2022-04-10T16:08:01+00:00","author":{"@id":"https:\/\/forestfireprotection.com\/de\/#\/schema\/person\/c3c385bc9dc3cdd60bae393f29216f11"},"description":"Sowohl lehrreich als auch informativ von unserer Auftaktveranstaltung f\u00fcr neue Akteure von Erasmus+ Projekten.","breadcrumb":{"@id":"https:\/\/forestfireprotection.com\/de\/auftaktveranstaltung\/#breadcrumb"},"inLanguage":"de","potentialAction":[{"@type":"ReadAction","target":["https:\/\/forestfireprotection.com\/de\/auftaktveranstaltung\/"]}]},{"@type":"ImageObject","inLanguage":"de","@id":"https:\/\/forestfireprotection.com\/de\/auftaktveranstaltung\/#primaryimage","url":"https:\/\/forestfireprotection.com\/de\/wp-content\/uploads\/2022\/04\/Auftaktveranstaltung.png","contentUrl":"https:\/\/forestfireprotection.com\/de\/wp-content\/uploads\/2022\/04\/Auftaktveranstaltung.png","width":320,"height":170,"caption":"Auftaktveranstaltung"},{"@type":"BreadcrumbList","@id":"https:\/\/forestfireprotection.com\/de\/auftaktveranstaltung\/#breadcrumb","itemListElement":[{"@type":"ListItem","position":1,"name":"Home","item":"https:\/\/forestfireprotection.com\/de\/"},{"@type":"ListItem","position":2,"name":"Auftaktveranstaltung des FFP Projekts"}]},{"@type":"WebSite","@id":"https:\/\/forestfireprotection.com\/de\/#website","url":"https:\/\/forestfireprotection.com\/de\/","name":"Waldbrandschutz","description":"Waldbrandschutz: Selbstschutz gegen Waldbr\u00e4nde","potentialAction":[{"@type":"SearchAction","target":{"@type":"EntryPoint","urlTemplate":"https:\/\/forestfireprotection.com\/de\/?s={search_term_string}"},"query-input":"required name=search_term_string"}],"inLanguage":"de"},{"@type":"Person","@id":"https:\/\/forestfireprotection.com\/de\/#\/schema\/person\/c3c385bc9dc3cdd60bae393f29216f11","name":"ffpDEadmin","image":{"@type":"ImageObject","inLanguage":"de","@id":"https:\/\/forestfireprotection.com\/de\/#\/schema\/person\/image\/","url":"https:\/\/secure.gravatar.com\/avatar\/96789e5dc1575e379997596a9db6bc8c3906eb5695326574e756f962133a4bac?s=96&d=mm&r=g","contentUrl":"https:\/\/secure.gravatar.com\/avatar\/96789e5dc1575e379997596a9db6bc8c3906eb5695326574e756f962133a4bac?s=96&d=mm&r=g","caption":"ffpDEadmin"},"sameAs":["https:\/\/forestfireprotection.com\/de"],"url":"https:\/\/forestfireprotection.com\/de\/author\/ffpdeadmin\/"}]}},"_links":{"self":[{"href":"https:\/\/forestfireprotection.com\/de\/wp-json\/wp\/v2\/posts\/904","targetHints":{"allow":["GET"]}}],"collection":[{"href":"https:\/\/forestfireprotection.com\/de\/wp-json\/wp\/v2\/posts"}],"about":[{"href":"https:\/\/forestfireprotection.com\/de\/wp-json\/wp\/v2\/types\/post"}],"author":[{"embeddable":true,"href":"https:\/\/forestfireprotection.com\/de\/wp-json\/wp\/v2\/users\/1"}],"replies":[{"embeddable":true,"href":"https:\/\/forestfireprotection.com\/de\/wp-json\/wp\/v2\/comments?post=904"}],"version-history":[{"count":17,"href":"https:\/\/forestfireprotection.com\/de\/wp-json\/wp\/v2\/posts\/904\/revisions"}],"predecessor-version":[{"id":951,"href":"https:\/\/forestfireprotection.com\/de\/wp-json\/wp\/v2\/posts\/904\/revisions\/951"}],"wp:featuredmedia":[{"embeddable":true,"href":"https:\/\/forestfireprotection.com\/de\/wp-json\/wp\/v2\/media\/954"}],"wp:attachment":[{"href":"https:\/\/forestfireprotection.com\/de\/wp-json\/wp\/v2\/media?parent=904"}],"wp:term":[{"taxonomy":"category","embeddable":true,"href":"https:\/\/forestfireprotection.com\/de\/wp-json\/wp\/v2\/categories?post=904"},{"taxonomy":"post_tag","embeddable":true,"href":"https:\/\/forestfireprotection.com\/de\/wp-json\/wp\/v2\/tags?post=904"}],"curies":[{"name":"wp","href":"https:\/\/api.w.org\/{rel}","templated":true}]}}