{"id":1033,"date":"2023-11-17T22:03:40","date_gmt":"2023-11-17T22:03:40","guid":{"rendered":"https:\/\/forestfireprotection.com\/de\/?p=1033"},"modified":"2023-12-27T12:37:29","modified_gmt":"2023-12-27T12:37:29","slug":"waldbrand-auswirkungen-studie","status":"publish","type":"post","link":"https:\/\/forestfireprotection.com\/de\/waldbrand-auswirkungen-studie\/","title":{"rendered":"Studie \u00fcber die Auswirkungen von Waldbr\u00e4nden: Mittelfristige Zusammenfassungen"},"content":{"rendered":"\n<p>Im aktuellen Beitrag &#8222;Mid-term impact study of the Forest Fire Protection &#8211; Executive Summaries&#8220; stellen wir die nationalen Berichte zur &#8222;Mid-Term Impact Assessment of the Training Package During Fire Season&#8220; f\u00fcr das <a href=\"https:\/\/forestfireprotection.com\/de\/waldbrand-selbstschutz\/\" target=\"_blank\" rel=\"noreferrer noopener\">FFP-Projekt<\/a> vor. <a href=\"https:\/\/forestfireprotection.com\/learningforyouth.com\" target=\"_blank\" rel=\"noreferrer noopener\">L4Y Learning For Youth GmbH<\/a> ist der deutsche Koordinator. <a href=\"http:\/\/bosev.org\/\" target=\"_blank\" rel=\"noreferrer noopener sponsored nofollow\">BOSEV<\/a> (T\u00fcrkei), <a href=\"https:\/\/www.kmop.gr\/\" target=\"_blank\" rel=\"noreferrer noopener nofollow\">KMOP<\/a> (Griechenland), <a href=\"https:\/\/spel.com.pt\/\" target=\"_blank\" rel=\"noreferrer noopener nofollow\">SPEL<\/a> (Portugal), <a href=\"https:\/\/centroqualificaovarforma.com\/\" target=\"_blank\" rel=\"noreferrer noopener\">OVAR-Forma<\/a> (Portugal), <a href=\"https:\/\/cesie.org\/en\/\" target=\"_blank\" rel=\"noreferrer noopener nofollow\">Cesie<\/a> (Italien), <a href=\"https:\/\/www.growthcoop.eu\/\" target=\"_blank\" rel=\"noreferrer noopener nofollow\">Growth-Coop<\/a> (Spanien) und Citizens in Power (Zypern) sind Partner des Projekts.<\/p>\n\n\n\n<p>Nachstehend k\u00f6nnen Sie den umfassenden <a href=\"https:\/\/forestfireprotection.com\/wp-content\/uploads\/2023\/12\/R3_A3-FinalPublication.pdf\" target=\"_blank\" rel=\"noreferrer noopener\">Abschlussbericht<\/a> f\u00fcr das Waldbrandschutzprojekt einsehen. Dieser Bericht gibt Ihnen einen \u00dcberblick \u00fcber die verschiedenen Phasen und Ergebnisse des Projekts.<\/p>\n\n\n\n<div class=\"wp-block-buttons is-content-justification-center is-layout-flex wp-container-core-buttons-is-layout-16018d1d wp-block-buttons-is-layout-flex\">\n<div class=\"wp-block-button\"><a class=\"wp-block-button__link wp-element-button\" href=\"https:\/\/forestfireprotection.com\/wp-content\/uploads\/2023\/12\/R3_A3-FinalPublication.pdf\" target=\"_blank\" rel=\"noreferrer noopener\">FFP &#8211; Abschlussbericht<\/a><\/div>\n<\/div>\n\n\n\n<h2 class=\"wp-block-heading\">Executive Zusammenfassungen<\/h2>\n\n\n\n<p>Die nationalen Berichte \u00fcber die &#8222;Halbzeitbewertung der Auswirkungen des Schulungspakets w\u00e4hrend der Feuersaison&#8220; pr\u00e4sentieren die Ergebnisse einer Studie, die w\u00e4hrend der Feuersaison 2023 in jedem Partnerland durchgef\u00fchrt wurde &#8211; Portugal (SPEL und OVF), Zypern (CIP), Deutschland (L4Y), T\u00fcrkei (BOSEV), Griechenland (KMOP), Spanien (Growth Coop) und Italien (CESIE). Ziel dieser Bewertung ist es, die Bedeutung und Wirksamkeit eines Schulungsprogramms zur Verbesserung der Bereitschaft und Widerstandsf\u00e4higkeit von Gemeinden bei Waldbr\u00e4nden zu beurteilen. Insgesamt 314 Teilnehmer aus den teilnehmenden L\u00e4ndern erhielten das hochskalierte Training, w\u00e4hrend 309 an der Studie teilnahmen. Die Studie vergleicht die Ergebnisse einer Kohorte von etwa 40 Schulungsteilnehmern und 40 Nicht-Schulungsteilnehmern pro Partner mit \u00e4hnlichem sozio\u00f6konomischen und geografischen Hintergrund.<\/p>\n\n\n\n<p>Die Ergebnisse belegen die Wirksamkeit der Projektschulungen, die den Teilnehmern wertvolle F\u00e4higkeiten vermittelten und ihre F\u00e4higkeit verbesserten, wirksam auf Brandgefahren und m\u00f6gliche Verbesserungsm\u00f6glichkeiten zu reagieren. Vor dem Hintergrund dieser Erkenntnisse enth\u00e4lt der Bericht gezielte Empfehlungen zur St\u00e4rkung der Widerstandsf\u00e4higkeit von Gemeinschaften gegen\u00fcber Waldbr\u00e4nden. Unsere Empfehlungen umfassen gezielte Aufkl\u00e4rungsinitiativen, verst\u00e4rkte Informationskampagnen und Kooperationspartnerschaften zur St\u00e4rkung der Widerstandsf\u00e4higkeit von Gemeinden und ihrer Bereitschaft zum Schutz vor Waldbr\u00e4nden. Nachfolgend werden die wichtigsten Schlussfolgerungen in spezifischen nationalen Kontexten dargestellt.<\/p>\n\n\n\n<h2 class=\"wp-block-heading\">Portugal<\/h2>\n\n\n\n<p>An der Studie in Portugal nahmen 60 geschulte und 93 nicht geschulte Teilnehmer aus verschiedenen von der Feuersaison betroffenen Gemeinden teil. Die von Organisationen wie Ovar Forma und SPEL durchgef\u00fchrten Schulungen hatten einen erheblichen positiven Einfluss auf das Selbstvertrauen, das Wissen und die Bereitschaft der Teilnehmer im Umgang mit Waldbr\u00e4nden. Aus dem Vergleich zwischen Teilnehmern und Nicht-Teilnehmern ergeben sich bemerkenswerte Trends. Die Teilnehmer zeigten durchweg ein h\u00f6heres Ma\u00df an Bereitschaft, ein besseres Verst\u00e4ndnis der nationalen Gesetzgebung und ein gr\u00f6\u00dferes Bewusstsein f\u00fcr Evakuierungspl\u00e4ne, was unterstreicht, wie wichtig die Ausweitung solcher Schulungsinitiativen ist, insbesondere in gef\u00e4hrdeten l\u00e4ndlichen Gemeinden. Dar\u00fcber hinaus \u00e4u\u00dferten sich die Teilnehmer positiver \u00fcber die Bereitschaft und die Ressourcen ihrer Gemeinden, mit Waldbr\u00e4nden umzugehen, w\u00e4hrend die Nicht-Teilnehmer Vorbehalte und Bedenken \u00e4u\u00dferten. Sowohl die Schulungsteilnehmer als auch die Nicht-Schulungsteilnehmer waren sich der Bedeutung des Waldes, der Pr\u00e4ventionsma\u00dfnahmen und der potenziellen Schwere von Waldbr\u00e4nden bewusst.<\/p>\n\n\n\n<p>Der portugiesische Bericht unterstreicht die dringende Notwendigkeit einer besseren Koordinierung und Ressourcenzuweisung auf lokaler und regionaler Ebene. Die portugiesische Studie unterstreicht auch die entscheidende Rolle der laufenden Datenerhebung und -verbreitung \u00fcber die Schwere von Waldbr\u00e4nden und die Risikobewertung. Genaue und aktuelle Informationen sind f\u00fcr eine fundierte Entscheidungsfindung und Pr\u00e4ventionsma\u00dfnahmen unerl\u00e4sslich. Es wird empfohlen, eine umfassende Datenbank zur \u00dcberwachung von Waldbrandtendenzen und Risikofaktoren zu f\u00fchren und die Bev\u00f6lkerung durch kontinuierliche Aufkl\u00e4rungskampagnen \u00fcber Waldbrandrisiken, Pr\u00e4vention und Vorsorge zu informieren. Dies spiegelt ein lobenswertes Ma\u00df an Engagement und Einsatz bei der Bek\u00e4mpfung von Waldbrandproblemen in Portugal wider. Die gemeinsamen Bem\u00fchungen, an denen verschiedene Einrichtungen beteiligt sind und die auch Nicht-Teilnehmer in die Wirkungsstudie einbeziehen, spiegeln einen umfassenden Ansatz zur Bew\u00e4ltigung dieses kritischen Problems wider, der auf eine widerstandsf\u00e4higere und besser informierte Gemeinschaft im Hinblick auf Waldbr\u00e4nde abzielt.<\/p>\n\n\n\n<p><a href=\"https:\/\/drive.google.com\/file\/d\/1BDU2-53XXKFPFk0a9m_CDm1zIgVGq6Nj\/view?usp=sharing\" target=\"_blank\" rel=\"noreferrer noopener\"><strong>Zugang zum nationalen Bericht von Portugal<\/strong><\/a><\/p>\n\n\n\n<h2 class=\"wp-block-heading\">Zypern<\/h2>\n\n\n\n<p>Die Geschichte der Waldbr\u00e4nde in Zypern reicht Jahrzehnte zur\u00fcck, wobei nat\u00fcrliche und vom Menschen verursachte Faktoren zu ihrem Auftreten beitragen. Die Ergebnisse in Zypern vergleichen die Ergebnisse einer Kohorte von 40 Schulungsteilnehmern und 40 Nicht-Schulungsteilnehmern. Die Ergebnisse zeigen, dass sich das Schulungspaket des Projekts positiv auf das Selbstvertrauen, die Bereitschaft und die Einsatzbereitschaft der Teilnehmer auswirkte. Dieses Ergebnis unterstreicht die Wirksamkeit der Projekttrainings in Bezug auf die Verbesserung der F\u00e4higkeiten der Teilnehmer, effektiv mit feuerbezogenen Situationen umzugehen. Allerdings sind die proaktive Haltung der Schulungsteilnehmer und die Bedenken der Nicht-Teilnehmer hinsichtlich der Aufkl\u00e4rung der breiteren l\u00e4ndlichen Bev\u00f6lkerung \u00fcber den Brandschutz nach wie vor von entscheidender Bedeutung.<\/p>\n\n\n\n<p>Diese Empfehlungen umfassen vielschichtige Ans\u00e4tze, darunter die Durchf\u00fchrung von Kampagnen zur Einbindung der Gemeinden, um eine breitere Beteiligung zu f\u00f6rdern, die Durchf\u00fchrung zus\u00e4tzlicher individueller praktischer Schulungen, Initiativen zur Aufkl\u00e4rung der \u00d6ffentlichkeit, die Bereitstellung psychologischer Unterst\u00fctzung und die strategische Einrichtung von Brandbek\u00e4mpfungspunkten, um die Reaktionszeiten zu verk\u00fcrzen. Durch die Umsetzung dieser Vorschl\u00e4ge k\u00f6nnen sich die Gemeinden besser f\u00fcr die Herausforderungen von Waldbr\u00e4nden wappnen und ihre F\u00e4higkeit, wirksam zu reagieren, weiter st\u00e4rken. <\/p>\n\n\n\n<p><a href=\"https:\/\/drive.google.com\/file\/d\/1dA6HMT_dSb6kdCn_R1KFuFQdKgig4axs\/view\" target=\"_blank\" rel=\"noreferrer noopener\"><strong>Zugang zum nationalen Bericht Zyperns<\/strong><\/a><\/p>\n\n\n\n<h2 class=\"wp-block-heading\">Deutschland<\/h2>\n\n\n\n<p>In dieser Studie wurden wichtige Erkenntnisse und Einsichten gewonnen, die sich auf lokale B\u00fcrger in Deutschland beziehen, darunter 40 Teilnehmer, die an den Schulungen teilgenommen haben, und 44 Teilnehmer, die nicht an den Schulungen teilgenommen haben. Die Ergebnisse zeigen, dass sich das Schulungsprogramm des Projekts positiv auf das Selbstvertrauen, die Bereitschaft und die Einsatzbereitschaft der Schulungsteilnehmer im Vergleich zu den nicht geschulten Teilnehmern auswirkte. Diese Personen zeigten ein h\u00f6heres Ma\u00df an Selbstvertrauen bei der Verwendung von Brandbek\u00e4mpfungsmitteln, dem Verst\u00e4ndnis von Brandschutzzonen und der Interpretation von Notfallpl\u00e4nen. Obwohl die Schulungsteilnehmer erheblich von den Schulungen profitierten, wurden in der Studie jedoch auch Wissensl\u00fccken festgestellt, z. B. bei der Einteilung von Waldbr\u00e4nden in Risikokategorien und beim Verst\u00e4ndnis der Schwere von Br\u00e4nden, die gezielte Bildungsinitiativen erfordern.<\/p>\n\n\n\n<p>Dar\u00fcber hinaus zeigten unsere Ergebnisse, dass die nicht geschulten Teilnehmer immer noch ein Basiswissen besa\u00dfen, was unterstreicht, wie wichtig es ist, die Schulungsm\u00f6glichkeiten auf ein breiteres Publikum auszuweiten, um ein einheitlicheres Niveau an Wissen und Bereitschaft in der Gemeinschaft zu erreichen. Die Studie in Deutschland hat gezeigt, dass es noch Raum f\u00fcr Verbesserungen gibt, insbesondere bei der Beseitigung von Wissensl\u00fccken und der F\u00f6rderung der Einbeziehung der Bev\u00f6lkerung in das Engagement.<\/p>\n\n\n\n<p><a href=\"https:\/\/drive.google.com\/file\/d\/14lx5E9HjK-C3Go6U2lbbSGVWEpUe3JpV\/view?usp=sharing\" target=\"_blank\" rel=\"noreferrer noopener\"><strong>Zugang zum nationalen Bericht von Deutschland<\/strong><\/a><\/p>\n\n\n\n<h2 class=\"wp-block-heading\">T\u00fcrkei<\/h2>\n\n\n\n<p>Im Fall der T\u00fcrkei teilen wir die wichtigsten Ergebnisse und Erkenntnisse aus einer breit angelegten Studie mit 52 Schulungsteilnehmern und 50 Nicht-Schulungsteilnehmern. Die Ergebnisse zeigen, dass die Aufkl\u00e4rung \u00fcber Waldbr\u00e4nde kontinuierlich erfolgen sollte. In l\u00e4ndlichen Gebieten sind die Menschen mit Feuererfahrung zwar in einigen Bereichen vorbereitet, aber es besteht immer ein Bedarf an Schulungen. Obwohl alle die Bedeutung der Vorbereitung auf Waldbr\u00e4nde und der Brandschutz\u00fcbungen betonten, f\u00fchlten sich viele Befragte nicht vollst\u00e4ndig vorbereitet und sicher. Es besteht kein signifikanter Unterschied zwischen geschulten und nicht geschulten Teilnehmern im Prozess der Brandvorbereitung. Der Hauptunterschied wurde bei der Wirksamkeit der getroffenen Vorbereitungen, dem Selbstvertrauen und der Anwendung neuer Brandbek\u00e4mpfungsmethoden festgestellt. W\u00e4hrend der Schulungen \u00e4u\u00dferten die Teilnehmer vor allem ihre Sorge um die Sicherheit von \u00e4lteren Menschen, Kleinkindern, Behinderten und Tieren, die sich nicht selbst sch\u00fctzen k\u00f6nnen.<\/p>\n\n\n\n<p>Fast alle Teilnehmer an der Studie in der T\u00fcrkei betonten die Bedeutung der Zusammenarbeit mit den \u00f6rtlichen Beh\u00f6rden und des kollektiven Handelns gegen\u00fcber individuellen Bem\u00fchungen im Brandfall. Die effektivsten Teile der Schulung waren Brandursachen, Fluchtplan, Brandbek\u00e4mpfung nach Brandarten und Schutz von Tieren. Bei den Teilnehmern, die keine Schulung erhalten haben, ist der Mangel an Wissen und Vertrauen in diesen Bereichen bemerkenswert. Die allgemeinen Erkenntnisse lassen sich wie folgt zusammenfassen: Die Schulung ist im Allgemeinen wirksam, die Brandschutzschulung sollte in bestimmten Abst\u00e4nden wiederholt werden, die Zusammenarbeit mit den \u00f6rtlichen Beh\u00f6rden ist vor, w\u00e4hrend und nach dem Brand sehr wichtig, und die Schulung sollte nicht nur theoretisch, sondern auch praktisch fortgesetzt werden, es sollten die notwendigen Ma\u00dfnahmen f\u00fcr die Situation gef\u00e4hrdeter Personen und Tiere ergriffen werden, Feuer verursacht eher Massen- als Einzelsch\u00e4den, die Bestimmung von Situationen, die ein professionelles Eingreifen bei der Brandbek\u00e4mpfung erfordern, ist f\u00fcr die Sicherheit entscheidend.<\/p>\n\n\n\n<p><a href=\"https:\/\/drive.google.com\/file\/d\/140pFfXGtiqb2LM5CqhGSWkFYgcA6A9Um\/view\" target=\"_blank\" rel=\"noreferrer noopener\"><strong>Zugang zum Nationalen Bericht der T\u00fcrkei<\/strong><\/a><\/p>\n\n\n\n<h2 class=\"wp-block-heading\">Griechenland<\/h2>\n\n\n\n<p>Waldbr\u00e4nde in Griechenland sind ein immer wiederkehrendes Ph\u00e4nomen, das st\u00e4dtische und l\u00e4ndliche Gebiete im ganzen Land betrifft, wie die schweren Br\u00e4nde, die im Sommer 2023 in Attika, Loutraki, Rhodos, Korfu, Magnesia, Fthiotida, Evros und anderen Gebieten ausbrachen, zeigen. In der Studie werden die Auswirkungen des Waldbrandtrainings untersucht, indem die Ergebnisse von 40 trainierten und 42 nicht trainierten Teilnehmern mit \u00e4hnlichem sozio\u00f6konomischen und geografischen Hintergrund verglichen werden. Die Analyse ergab, dass die Schulung nur begrenzte Auswirkungen auf den Grad der Bereitschaft und des Vertrauens der Teilnehmer hatte, da Teilnehmer und Nicht-Teilnehmer ein \u00e4hnliches Niveau an Wissen und F\u00e4higkeiten aufweisen, um im Falle eines Waldbrandes Ma\u00dfnahmen zu ergreifen.<\/p>\n\n\n\n<p>Der Grad der Bereitschaft und des Vertrauens ist m\u00e4\u00dfig, und der Mittelwert aller f\u00fcnf Faktoren (\u00dcberlebensrate der Gemeinschaft, Schwere der Br\u00e4nde, \u00dcberlebensrate von Tieren, materielle Verluste, Grad des Vertrauens), die in die Umfrage einbezogen wurden, liegt bei etwa 6 auf einer Skala von 1-10. Dieses Ergebnis erkl\u00e4rt sich durch die Schwere der Waldbr\u00e4nde in Griechenland, die unwiderrufliche Sch\u00e4den an Menschenleben, Tieren, materiellen G\u00fctern und der Umwelt verursachen, w\u00e4hrend die staatlichen Mechanismen offenbar nicht in der Lage sind, in zufriedenstellender Weise zu verhindern und einzugreifen. Das mangelnde Vertrauen in staatliche Strategien auf lokaler und nationaler Ebene macht deutlich, wie wichtig es ist, die B\u00fcrger auf individueller und gemeinschaftlicher Ebene zu schulen, damit sie sich sicher und vorbereitet f\u00fchlen, um sich und ihre Gemeinschaft zu sch\u00fctzen.<\/p>\n\n\n\n<p><a href=\"https:\/\/drive.google.com\/file\/d\/1VKiA3wYsEfdBIso_-M-3ZGZFQqp8ii_Y\/view?usp=drive_link\" target=\"_blank\" rel=\"noreferrer noopener\"><strong>Zugang zum Nationalen Bericht von Griechenland<\/strong><\/a><\/p>\n\n\n\n<h2 class=\"wp-block-heading\">Spanien<\/h2>\n\n\n\n<p>Die Frageb\u00f6gen und die Fokusgruppen, die im Rahmen des Projekts durchgef\u00fchrt wurden, zeigen, dass es in Spanien einen erheblichen Mangel an Schulungen f\u00fcr die Bev\u00f6lkerung in Bezug auf den Selbstschutz bei Waldbr\u00e4nden oder die Pr\u00e4vention gibt. Die meisten Befragten verf\u00fcgen zwar \u00fcber Grundkenntnisse, sind aber der Meinung, dass ihre Gemeinden nicht ausreichend auf die verschiedenen Herausforderungen vorbereitet sind, die ein Waldbrand mit sich bringen kann; sie informieren sich auch nicht und wissen nicht, welche Ma\u00dfnahmen sie ergreifen oder vermeiden sollten. Dieser Grundgedanke ist bei 72,5 % der geschulten Befragten und bei 65 % der nicht geschulten Teilnehmer vorhanden. Das Umweltbewusstsein ist hoch, was sich darin zeigt, dass die gesamte Bev\u00f6lkerung beider Gruppen sich ihrer Umwelt, ihrer Arten, ihres Wertes und des Problems eines Waldbrandes bewusst ist.<\/p>\n\n\n\n<p>Beide Gruppen, geschulte und ungeschulte, sind sich auch der Bedeutung von vorbeugenden Abfallentsorgungsma\u00dfnahmen, der Waldreinigung und der Stra\u00dfeninstandhaltung bewusst. Das gr\u00f6\u00dfte Problem, mit dem die Teilnehmer konfrontiert werden, ist der Brandfall, denn ihr Instinkt kann sie in die Irre f\u00fchren, und sie verf\u00fcgen nur \u00fcber begrenzte Kenntnisse in der Auslegung von Pl\u00e4nen oder im Umgang mit Feuerl\u00f6schger\u00e4ten. All diese Daten stehen in direktem Zusammenhang mit den Gruppen, die eine Schulung erhalten haben (die bessere Daten erhalten) und denen, die keine Schulung erhalten haben (bei denen die M\u00e4ngel st\u00e4rker ausgepr\u00e4gt sind). Letztere verf\u00fcgen jedoch auch \u00fcber ein hohes Umweltbewusstsein und Wissen \u00fcber die Verh\u00fctung von Waldbr\u00e4nden.<\/p>\n\n\n\n<p><a href=\"https:\/\/drive.google.com\/file\/d\/1fX5REbAI814yyFvotxHcAlM8oUlJm1lx\/view\" target=\"_blank\" rel=\"noreferrer noopener\"><strong>Zugang zum nationalen Bericht Spaniens<\/strong><\/a><\/p>\n\n\n\n<h2 class=\"wp-block-heading\">Italien<\/h2>\n\n\n\n<p>Der italienische Bericht von CESIE, das die Aktivit\u00e4ten durchf\u00fchrte und diesen Bericht erstellte, arbeitet in Sizilien (Italien), einem Land, in dem es jeden Sommer sehr h\u00e4ufig, sehr stark, sehr gef\u00e4hrlich und sehr zerst\u00f6rerisch zu Waldbr\u00e4nden kommt. Dieser Bericht enth\u00e4lt die Studie, die mit 37 Teilnehmern in Schulung und 36 Nichtteilnehmern durchgef\u00fchrt wurde. Der Hintergrund der Teilnehmer reicht von arbeitslos \u00fcber Studenten und B\u00fcrgerarbeiter bis hin zu Fachleuten in verschiedenen Bereichen. Ziel dieses Berichts ist es, die beiden Gruppen zu vergleichen und die positiven Auswirkungen selbst einfacher und kurzer Schulungen im Bereich Br\u00e4nde und Waldbr\u00e4nde sowie die Auswirkungen auf die \u00d6ffentlichkeit zu bewerten.<\/p>\n\n\n\n<p>Wie die nachstehenden Ergebnisse deutlich zeigen, f\u00fchlen sich die Schulungsteilnehmer viel besser vorbereitet und wissen mehr \u00fcber Waldbr\u00e4nde, Brandverh\u00fctung und Brandbek\u00e4mpfung. Diese Ergebnisse zeigen nicht nur die Wirksamkeit von Initiativen wie dem Waldbrandschutz, sondern verdeutlichen auch die Probleme und den Mangel an Ausbildung (und den starken Willen, sich ausbilden zu lassen) in l\u00e4ndlichen Gemeinden durch die allgemeine \u00d6ffentlichkeit und lokale Institutionen.<\/p>\n\n\n\n<p><a href=\"https:\/\/drive.google.com\/file\/d\/1eQV6Le4uJgJbI62GO7Ey6Pks5B9Qi8wK\/view?usp=sharing\" target=\"_blank\" rel=\"noreferrer noopener\"><strong>Zugangslink zum nationalen Bericht Italiens<\/strong><\/a><\/p>\n\n\n\n<h2 class=\"wp-block-heading\"><strong>Fazit<\/strong><\/h2>\n\n\n\n<p>Um die Ergebnisse der &#8222;Halbzeitbewertung der Auswirkungen des Schulungspakets w\u00e4hrend der Feuersaison&#8220; zu sehen, lesen Sie bitte den <a href=\"https:\/\/drive.google.com\/file\/d\/1FLdN-YK500gL3aNs30mkxQbUsq2KM6Yj\/view?usp=sharing\" target=\"_blank\" rel=\"noreferrer noopener\">Abschlussbericht<\/a><\/p>\n\n\n\n<p>Folgen Sie uns auf <a href=\"https:\/\/www.facebook.com\/ForestFireProtectionProject\">Facebook<\/a> und <a href=\"https:\/\/www.youtube.com\/@forestfireprotection5862\">Youtube<\/a><br>Und z\u00f6gern Sie nicht, <a href=\"https:\/\/forestfireprotection.com\/de\/kontakt\/\" target=\"_blank\" rel=\"noreferrer noopener\">uns<\/a> zu kontaktieren.<\/p>\n","protected":false},"excerpt":{"rendered":"<p>Im aktuellen Beitrag &#8222;Mid-term impact study of the Forest Fire Protection &#8211; Executive Summaries&#8220; stellen wir die nationalen Berichte zur &#8222;Mid-Term Impact Assessment of the&#8230;<\/p>\n","protected":false},"author":1,"featured_media":1036,"comment_status":"open","ping_status":"open","sticky":false,"template":"","format":"standard","meta":{"footnotes":""},"categories":[6],"tags":[],"class_list":["post-1033","post","type-post","status-publish","format-standard","has-post-thumbnail","hentry","category-r3"],"yoast_head":"<!-- This site is optimized with the Yoast SEO plugin v22.3 - https:\/\/yoast.com\/wordpress\/plugins\/seo\/ -->\n<title>Studie \u00fcber die Auswirkungen von Waldbr\u00e4nden: Mittelfristige Zusammenfassungen<\/title>\n<meta name=\"description\" content=\"Erfahren Sie in der Forest Fire Impact Study mehr \u00fcber die Wirksamkeit unserer Waldbrandschutzschulungen in verschiedenen L\u00e4ndern.\" \/>\n<meta name=\"robots\" content=\"index, follow, max-snippet:-1, max-image-preview:large, max-video-preview:-1\" \/>\n<link rel=\"canonical\" href=\"https:\/\/forestfireprotection.com\/de\/waldbrand-auswirkungen-studie\/\" \/>\n<meta property=\"og:locale\" content=\"de_DE\" \/>\n<meta property=\"og:type\" content=\"article\" \/>\n<meta property=\"og:title\" content=\"Studie \u00fcber die Auswirkungen von Waldbr\u00e4nden: Mittelfristige Zusammenfassungen\" \/>\n<meta property=\"og:description\" content=\"Erfahren Sie in der Forest Fire Impact Study mehr \u00fcber die Wirksamkeit unserer Waldbrandschutzschulungen in verschiedenen L\u00e4ndern.\" \/>\n<meta property=\"og:url\" content=\"https:\/\/forestfireprotection.com\/de\/waldbrand-auswirkungen-studie\/\" \/>\n<meta property=\"og:site_name\" content=\"Waldbrandschutz\" \/>\n<meta property=\"article:published_time\" content=\"2023-11-17T22:03:40+00:00\" \/>\n<meta property=\"article:modified_time\" content=\"2023-12-27T12:37:29+00:00\" \/>\n<meta property=\"og:image\" content=\"https:\/\/forestfireprotection.com\/de\/wp-content\/uploads\/2023\/11\/Waldbrand-Impaktstudie.jpeg\" \/>\n\t<meta property=\"og:image:width\" content=\"1456\" \/>\n\t<meta property=\"og:image:height\" content=\"816\" \/>\n\t<meta property=\"og:image:type\" content=\"image\/jpeg\" \/>\n<meta name=\"author\" content=\"ffpDEadmin\" \/>\n<meta name=\"twitter:card\" content=\"summary_large_image\" \/>\n<meta name=\"twitter:label1\" content=\"Verfasst von\" \/>\n\t<meta name=\"twitter:data1\" content=\"ffpDEadmin\" \/>\n\t<meta name=\"twitter:label2\" content=\"Gesch\u00e4tzte Lesezeit\" \/>\n\t<meta name=\"twitter:data2\" content=\"11\u00a0Minuten\" \/>\n<script type=\"application\/ld+json\" class=\"yoast-schema-graph\">{\"@context\":\"https:\/\/schema.org\",\"@graph\":[{\"@type\":\"WebPage\",\"@id\":\"https:\/\/forestfireprotection.com\/de\/waldbrand-auswirkungen-studie\/\",\"url\":\"https:\/\/forestfireprotection.com\/de\/waldbrand-auswirkungen-studie\/\",\"name\":\"Studie \u00fcber die Auswirkungen von Waldbr\u00e4nden: Mittelfristige Zusammenfassungen\",\"isPartOf\":{\"@id\":\"https:\/\/forestfireprotection.com\/de\/#website\"},\"primaryImageOfPage\":{\"@id\":\"https:\/\/forestfireprotection.com\/de\/waldbrand-auswirkungen-studie\/#primaryimage\"},\"image\":{\"@id\":\"https:\/\/forestfireprotection.com\/de\/waldbrand-auswirkungen-studie\/#primaryimage\"},\"thumbnailUrl\":\"https:\/\/forestfireprotection.com\/de\/wp-content\/uploads\/2023\/11\/Waldbrand-Impaktstudie.jpeg\",\"datePublished\":\"2023-11-17T22:03:40+00:00\",\"dateModified\":\"2023-12-27T12:37:29+00:00\",\"author\":{\"@id\":\"https:\/\/forestfireprotection.com\/de\/#\/schema\/person\/c3c385bc9dc3cdd60bae393f29216f11\"},\"description\":\"Erfahren Sie in der Forest Fire Impact Study mehr \u00fcber die Wirksamkeit unserer Waldbrandschutzschulungen in verschiedenen L\u00e4ndern.\",\"breadcrumb\":{\"@id\":\"https:\/\/forestfireprotection.com\/de\/waldbrand-auswirkungen-studie\/#breadcrumb\"},\"inLanguage\":\"de\",\"potentialAction\":[{\"@type\":\"ReadAction\",\"target\":[\"https:\/\/forestfireprotection.com\/de\/waldbrand-auswirkungen-studie\/\"]}]},{\"@type\":\"ImageObject\",\"inLanguage\":\"de\",\"@id\":\"https:\/\/forestfireprotection.com\/de\/waldbrand-auswirkungen-studie\/#primaryimage\",\"url\":\"https:\/\/forestfireprotection.com\/de\/wp-content\/uploads\/2023\/11\/Waldbrand-Impaktstudie.jpeg\",\"contentUrl\":\"https:\/\/forestfireprotection.com\/de\/wp-content\/uploads\/2023\/11\/Waldbrand-Impaktstudie.jpeg\",\"width\":1456,\"height\":816,\"caption\":\"Waldbrand-Impaktstudie\"},{\"@type\":\"BreadcrumbList\",\"@id\":\"https:\/\/forestfireprotection.com\/de\/waldbrand-auswirkungen-studie\/#breadcrumb\",\"itemListElement\":[{\"@type\":\"ListItem\",\"position\":1,\"name\":\"Home\",\"item\":\"https:\/\/forestfireprotection.com\/de\/\"},{\"@type\":\"ListItem\",\"position\":2,\"name\":\"Studie \u00fcber die Auswirkungen von Waldbr\u00e4nden: Mittelfristige Zusammenfassungen\"}]},{\"@type\":\"WebSite\",\"@id\":\"https:\/\/forestfireprotection.com\/de\/#website\",\"url\":\"https:\/\/forestfireprotection.com\/de\/\",\"name\":\"Waldbrandschutz\",\"description\":\"Waldbrandschutz: Selbstschutz gegen Waldbr\u00e4nde\",\"potentialAction\":[{\"@type\":\"SearchAction\",\"target\":{\"@type\":\"EntryPoint\",\"urlTemplate\":\"https:\/\/forestfireprotection.com\/de\/?s={search_term_string}\"},\"query-input\":\"required name=search_term_string\"}],\"inLanguage\":\"de\"},{\"@type\":\"Person\",\"@id\":\"https:\/\/forestfireprotection.com\/de\/#\/schema\/person\/c3c385bc9dc3cdd60bae393f29216f11\",\"name\":\"ffpDEadmin\",\"image\":{\"@type\":\"ImageObject\",\"inLanguage\":\"de\",\"@id\":\"https:\/\/forestfireprotection.com\/de\/#\/schema\/person\/image\/\",\"url\":\"https:\/\/secure.gravatar.com\/avatar\/96789e5dc1575e379997596a9db6bc8c3906eb5695326574e756f962133a4bac?s=96&d=mm&r=g\",\"contentUrl\":\"https:\/\/secure.gravatar.com\/avatar\/96789e5dc1575e379997596a9db6bc8c3906eb5695326574e756f962133a4bac?s=96&d=mm&r=g\",\"caption\":\"ffpDEadmin\"},\"sameAs\":[\"https:\/\/forestfireprotection.com\/de\"],\"url\":\"https:\/\/forestfireprotection.com\/de\/author\/ffpdeadmin\/\"}]}<\/script>\n<!-- \/ Yoast SEO plugin. -->","yoast_head_json":{"title":"Studie \u00fcber die Auswirkungen von Waldbr\u00e4nden: Mittelfristige Zusammenfassungen","description":"Erfahren Sie in der Forest Fire Impact Study mehr \u00fcber die Wirksamkeit unserer Waldbrandschutzschulungen in verschiedenen L\u00e4ndern.","robots":{"index":"index","follow":"follow","max-snippet":"max-snippet:-1","max-image-preview":"max-image-preview:large","max-video-preview":"max-video-preview:-1"},"canonical":"https:\/\/forestfireprotection.com\/de\/waldbrand-auswirkungen-studie\/","og_locale":"de_DE","og_type":"article","og_title":"Studie \u00fcber die Auswirkungen von Waldbr\u00e4nden: Mittelfristige Zusammenfassungen","og_description":"Erfahren Sie in der Forest Fire Impact Study mehr \u00fcber die Wirksamkeit unserer Waldbrandschutzschulungen in verschiedenen L\u00e4ndern.","og_url":"https:\/\/forestfireprotection.com\/de\/waldbrand-auswirkungen-studie\/","og_site_name":"Waldbrandschutz","article_published_time":"2023-11-17T22:03:40+00:00","article_modified_time":"2023-12-27T12:37:29+00:00","og_image":[{"width":1456,"height":816,"url":"https:\/\/forestfireprotection.com\/de\/wp-content\/uploads\/2023\/11\/Waldbrand-Impaktstudie.jpeg","type":"image\/jpeg"}],"author":"ffpDEadmin","twitter_card":"summary_large_image","twitter_misc":{"Verfasst von":"ffpDEadmin","Gesch\u00e4tzte Lesezeit":"11\u00a0Minuten"},"schema":{"@context":"https:\/\/schema.org","@graph":[{"@type":"WebPage","@id":"https:\/\/forestfireprotection.com\/de\/waldbrand-auswirkungen-studie\/","url":"https:\/\/forestfireprotection.com\/de\/waldbrand-auswirkungen-studie\/","name":"Studie \u00fcber die Auswirkungen von Waldbr\u00e4nden: Mittelfristige Zusammenfassungen","isPartOf":{"@id":"https:\/\/forestfireprotection.com\/de\/#website"},"primaryImageOfPage":{"@id":"https:\/\/forestfireprotection.com\/de\/waldbrand-auswirkungen-studie\/#primaryimage"},"image":{"@id":"https:\/\/forestfireprotection.com\/de\/waldbrand-auswirkungen-studie\/#primaryimage"},"thumbnailUrl":"https:\/\/forestfireprotection.com\/de\/wp-content\/uploads\/2023\/11\/Waldbrand-Impaktstudie.jpeg","datePublished":"2023-11-17T22:03:40+00:00","dateModified":"2023-12-27T12:37:29+00:00","author":{"@id":"https:\/\/forestfireprotection.com\/de\/#\/schema\/person\/c3c385bc9dc3cdd60bae393f29216f11"},"description":"Erfahren Sie in der Forest Fire Impact Study mehr \u00fcber die Wirksamkeit unserer Waldbrandschutzschulungen in verschiedenen L\u00e4ndern.","breadcrumb":{"@id":"https:\/\/forestfireprotection.com\/de\/waldbrand-auswirkungen-studie\/#breadcrumb"},"inLanguage":"de","potentialAction":[{"@type":"ReadAction","target":["https:\/\/forestfireprotection.com\/de\/waldbrand-auswirkungen-studie\/"]}]},{"@type":"ImageObject","inLanguage":"de","@id":"https:\/\/forestfireprotection.com\/de\/waldbrand-auswirkungen-studie\/#primaryimage","url":"https:\/\/forestfireprotection.com\/de\/wp-content\/uploads\/2023\/11\/Waldbrand-Impaktstudie.jpeg","contentUrl":"https:\/\/forestfireprotection.com\/de\/wp-content\/uploads\/2023\/11\/Waldbrand-Impaktstudie.jpeg","width":1456,"height":816,"caption":"Waldbrand-Impaktstudie"},{"@type":"BreadcrumbList","@id":"https:\/\/forestfireprotection.com\/de\/waldbrand-auswirkungen-studie\/#breadcrumb","itemListElement":[{"@type":"ListItem","position":1,"name":"Home","item":"https:\/\/forestfireprotection.com\/de\/"},{"@type":"ListItem","position":2,"name":"Studie \u00fcber die Auswirkungen von Waldbr\u00e4nden: Mittelfristige Zusammenfassungen"}]},{"@type":"WebSite","@id":"https:\/\/forestfireprotection.com\/de\/#website","url":"https:\/\/forestfireprotection.com\/de\/","name":"Waldbrandschutz","description":"Waldbrandschutz: Selbstschutz gegen Waldbr\u00e4nde","potentialAction":[{"@type":"SearchAction","target":{"@type":"EntryPoint","urlTemplate":"https:\/\/forestfireprotection.com\/de\/?s={search_term_string}"},"query-input":"required name=search_term_string"}],"inLanguage":"de"},{"@type":"Person","@id":"https:\/\/forestfireprotection.com\/de\/#\/schema\/person\/c3c385bc9dc3cdd60bae393f29216f11","name":"ffpDEadmin","image":{"@type":"ImageObject","inLanguage":"de","@id":"https:\/\/forestfireprotection.com\/de\/#\/schema\/person\/image\/","url":"https:\/\/secure.gravatar.com\/avatar\/96789e5dc1575e379997596a9db6bc8c3906eb5695326574e756f962133a4bac?s=96&d=mm&r=g","contentUrl":"https:\/\/secure.gravatar.com\/avatar\/96789e5dc1575e379997596a9db6bc8c3906eb5695326574e756f962133a4bac?s=96&d=mm&r=g","caption":"ffpDEadmin"},"sameAs":["https:\/\/forestfireprotection.com\/de"],"url":"https:\/\/forestfireprotection.com\/de\/author\/ffpdeadmin\/"}]}},"_links":{"self":[{"href":"https:\/\/forestfireprotection.com\/de\/wp-json\/wp\/v2\/posts\/1033","targetHints":{"allow":["GET"]}}],"collection":[{"href":"https:\/\/forestfireprotection.com\/de\/wp-json\/wp\/v2\/posts"}],"about":[{"href":"https:\/\/forestfireprotection.com\/de\/wp-json\/wp\/v2\/types\/post"}],"author":[{"embeddable":true,"href":"https:\/\/forestfireprotection.com\/de\/wp-json\/wp\/v2\/users\/1"}],"replies":[{"embeddable":true,"href":"https:\/\/forestfireprotection.com\/de\/wp-json\/wp\/v2\/comments?post=1033"}],"version-history":[{"count":6,"href":"https:\/\/forestfireprotection.com\/de\/wp-json\/wp\/v2\/posts\/1033\/revisions"}],"predecessor-version":[{"id":1049,"href":"https:\/\/forestfireprotection.com\/de\/wp-json\/wp\/v2\/posts\/1033\/revisions\/1049"}],"wp:featuredmedia":[{"embeddable":true,"href":"https:\/\/forestfireprotection.com\/de\/wp-json\/wp\/v2\/media\/1036"}],"wp:attachment":[{"href":"https:\/\/forestfireprotection.com\/de\/wp-json\/wp\/v2\/media?parent=1033"}],"wp:term":[{"taxonomy":"category","embeddable":true,"href":"https:\/\/forestfireprotection.com\/de\/wp-json\/wp\/v2\/categories?post=1033"},{"taxonomy":"post_tag","embeddable":true,"href":"https:\/\/forestfireprotection.com\/de\/wp-json\/wp\/v2\/tags?post=1033"}],"curies":[{"name":"wp","href":"https:\/\/api.w.org\/{rel}","templated":true}]}}